{"id":14223,"date":"2019-03-20T12:30:41","date_gmt":"2019-03-20T11:30:41","guid":{"rendered":"http:\/\/www.usandizaga.com\/design\/?p=14223"},"modified":"2022-03-22T16:29:18","modified_gmt":"2022-03-22T15:29:18","slug":"elige-tu-slogan-contra-el-racismo","status":"publish","type":"post","link":"https:\/\/www.usandizaga.com\/design\/elige-tu-slogan-contra-el-racismo\/","title":{"rendered":"Elige tu Eslogan Contra el Racismo"},"content":{"rendered":"\t\t<div data-elementor-type=\"wp-post\" data-elementor-id=\"14223\" class=\"elementor elementor-14223\" data-elementor-post-type=\"post\">\n\t\t\t\t\t\t<section class=\"elementor-section elementor-top-section elementor-element elementor-element-ee436a3 elementor-section-full_width elementor-section-height-min-height elementor-section-height-default elementor-section-items-middle\" data-id=\"ee436a3\" data-element_type=\"section\" data-e-type=\"section\" data-settings=\"{&quot;background_background&quot;:&quot;classic&quot;}\">\n\t\t\t\t\t\t\t<div class=\"elementor-background-overlay\"><\/div>\n\t\t\t\t\t\t\t<div class=\"elementor-container elementor-column-gap-default\">\n\t\t\t\t\t<div class=\"elementor-column elementor-col-100 elementor-top-column elementor-element elementor-element-859c760\" data-id=\"859c760\" data-element_type=\"column\" data-e-type=\"column\">\n\t\t\t<div class=\"elementor-widget-wrap\">\n\t\t\t\t\t\t\t<\/div>\n\t\t<\/div>\n\t\t\t\t\t<\/div>\n\t\t<\/section>\n\t\t\t\t<section class=\"elementor-section elementor-top-section elementor-element elementor-element-250bc7ad elementor-section-content-middle elementor-section-boxed elementor-section-height-default elementor-section-height-default\" data-id=\"250bc7ad\" data-element_type=\"section\" data-e-type=\"section\">\n\t\t\t\t\t\t<div class=\"elementor-container elementor-column-gap-no\">\n\t\t\t\t\t<div class=\"elementor-column elementor-col-100 elementor-top-column elementor-element elementor-element-4df4dfb9\" data-id=\"4df4dfb9\" data-element_type=\"column\" data-e-type=\"column\">\n\t\t\t<div class=\"elementor-widget-wrap elementor-element-populated\">\n\t\t\t\t\t\t<div class=\"elementor-element elementor-element-ee60f5c elementor-widget elementor-widget-theme-post-title elementor-page-title elementor-widget-heading\" data-id=\"ee60f5c\" data-element_type=\"widget\" data-e-type=\"widget\" data-widget_type=\"theme-post-title.default\">\n\t\t\t\t<div class=\"elementor-widget-container\">\n\t\t\t\t\t<h1 class=\"elementor-heading-title elementor-size-default\">Elige tu Eslogan Contra el Racismo<\/h1>\t\t\t\t<\/div>\n\t\t\t\t<\/div>\n\t\t\t\t<div class=\"elementor-element elementor-element-37cbca81 elementor-widget elementor-widget-heading\" data-id=\"37cbca81\" data-element_type=\"widget\" data-e-type=\"widget\" data-widget_type=\"heading.default\">\n\t\t\t\t<div class=\"elementor-widget-container\">\n\t\t\t\t\t<h2 class=\"elementor-heading-title elementor-size-default\">Campa\u00f1a para la \nMartxa Contra el Racismo\nen la que se invita a elegir tu slogan antiracista<\/h2>\t\t\t\t<\/div>\n\t\t\t\t<\/div>\n\t\t\t\t<div class=\"elementor-element elementor-element-114fc3bf elementor-widget elementor-widget-text-editor\" data-id=\"114fc3bf\" data-element_type=\"widget\" data-e-type=\"widget\" data-widget_type=\"text-editor.default\">\n\t\t\t\t<div class=\"elementor-widget-container\">\n\t\t\t\t\t\t\t\t\t<p>Todas las personas somos diversas, haremos diferentes elecciones en el d\u00eda a d\u00eda, en las votaciones, llevaremos diferentes eslogans a la <strong>Martxa Contra el Racismo<\/strong>, pero siempre defendiendo los <strong>derechos humanos<\/strong> por encima de todo.<\/p><p>La Martxa la encabezar\u00e1 una pancarta vac\u00eda porque ya lo sabes&#8230;<\/p><p style=\"text-align: center;\"><strong>ELIGE TU ESLOGAN CONTRA EL RACISMO<\/strong><\/p>\t\t\t\t\t\t\t\t<\/div>\n\t\t\t\t<\/div>\n\t\t\t\t\t<\/div>\n\t\t<\/div>\n\t\t\t\t\t<\/div>\n\t\t<\/section>\n\t\t\t\t<section class=\"elementor-section elementor-top-section elementor-element elementor-element-a027121 elementor-section-boxed elementor-section-height-default elementor-section-height-default\" data-id=\"a027121\" data-element_type=\"section\" data-e-type=\"section\">\n\t\t\t\t\t\t<div class=\"elementor-container elementor-column-gap-default\">\n\t\t\t\t\t<div class=\"elementor-column elementor-col-100 elementor-top-column elementor-element elementor-element-bf13fdc\" data-id=\"bf13fdc\" data-element_type=\"column\" data-e-type=\"column\">\n\t\t\t<div class=\"elementor-widget-wrap elementor-element-populated\">\n\t\t\t\t\t\t<div class=\"elementor-element elementor-element-de56958 elementor-widget elementor-widget-image\" data-id=\"de56958\" data-element_type=\"widget\" data-e-type=\"widget\" data-widget_type=\"image.default\">\n\t\t\t\t<div class=\"elementor-widget-container\">\n\t\t\t\t\t\t\t\t\t\t\t\t\t\t\t<img fetchpriority=\"high\" decoding=\"async\" width=\"960\" height=\"684\" src=\"https:\/\/www.usandizaga.com\/design\/wp-content\/uploads\/2019\/03\/Martxa-2019-Prentsaurrekorako-im\u00e1genes-5_P\u00e1gina_28-960x684.png\" class=\"attachment-large size-large wp-image-14244\" alt=\"Elige tu Eslogan contra el racismo campa\u00f1a contra el racismo\" srcset=\"https:\/\/www.usandizaga.com\/design\/wp-content\/uploads\/2019\/03\/Martxa-2019-Prentsaurrekorako-im\u00e1genes-5_P\u00e1gina_28-960x684.png 960w, https:\/\/www.usandizaga.com\/design\/wp-content\/uploads\/2019\/03\/Martxa-2019-Prentsaurrekorako-im\u00e1genes-5_P\u00e1gina_28-330x235.png 330w, https:\/\/www.usandizaga.com\/design\/wp-content\/uploads\/2019\/03\/Martxa-2019-Prentsaurrekorako-im\u00e1genes-5_P\u00e1gina_28-768x548.png 768w\" sizes=\"(max-width: 960px) 100vw, 960px\" \/>\t\t\t\t\t\t\t\t\t\t\t\t\t\t\t<\/div>\n\t\t\t\t<\/div>\n\t\t\t\t\t<\/div>\n\t\t<\/div>\n\t\t\t\t\t<\/div>\n\t\t<\/section>\n\t\t\t\t<section class=\"elementor-section elementor-top-section elementor-element elementor-element-5ed010fc elementor-section-content-middle elementor-section-boxed elementor-section-height-default elementor-section-height-default\" data-id=\"5ed010fc\" data-element_type=\"section\" data-e-type=\"section\">\n\t\t\t\t\t\t<div class=\"elementor-container elementor-column-gap-no\">\n\t\t\t\t\t<div class=\"elementor-column elementor-col-100 elementor-top-column elementor-element elementor-element-6ab6cedd\" data-id=\"6ab6cedd\" data-element_type=\"column\" data-e-type=\"column\">\n\t\t\t<div class=\"elementor-widget-wrap elementor-element-populated\">\n\t\t\t\t\t\t<div class=\"elementor-element elementor-element-8ef5d49 elementor-widget elementor-widget-heading\" data-id=\"8ef5d49\" data-element_type=\"widget\" data-e-type=\"widget\" data-widget_type=\"heading.default\">\n\t\t\t\t<div class=\"elementor-widget-container\">\n\t\t\t\t\t<h2 class=\"elementor-heading-title elementor-size-default\">Campa\u00f1a de la Martxa contra el Racismo<\/h2>\t\t\t\t<\/div>\n\t\t\t\t<\/div>\n\t\t\t\t<div class=\"elementor-element elementor-element-63cc7168 elementor-widget elementor-widget-text-editor\" data-id=\"63cc7168\" data-element_type=\"widget\" data-e-type=\"widget\" data-widget_type=\"text-editor.default\">\n\t\t\t\t<div class=\"elementor-widget-container\">\n\t\t\t\t\t\t\t\t\t<p>Anualmente, en el contexto del <strong>Ciclo Formativo de Grado Superior en Gr\u00e1fica Publicitaria<\/strong>, dise\u00f1amos y producimos la Campa\u00f1a de Comunicaci\u00f3n para promover la participaci\u00f3n en la <strong>Martxa Contra el Racismo<\/strong> coordinada por SOS Racismo,\u00a0Medicus Mundi\u00a0y la\u00a0Coordinadora de ONGDs de Euskadi y secundada por otras 47 organizaciones.<\/p>\t\t\t\t\t\t\t\t<\/div>\n\t\t\t\t<\/div>\n\t\t\t\t<div class=\"elementor-element elementor-element-f0e02a5 elementor-align-center elementor-widget elementor-widget-button\" data-id=\"f0e02a5\" data-element_type=\"widget\" data-e-type=\"widget\" data-widget_type=\"button.default\">\n\t\t\t\t<div class=\"elementor-widget-container\">\n\t\t\t\t\t\t\t\t\t<div class=\"elementor-button-wrapper\">\n\t\t\t\t\t<a class=\"elementor-button elementor-button-link elementor-size-sm\" href=\"https:\/\/www.usandizaga.com\/design\/campana-de-comunicacion-para-la-martxa-contra-el-racismo\/\" target=\"_blank\">\n\t\t\t\t\t\t<span class=\"elementor-button-content-wrapper\">\n\t\t\t\t\t\t<span class=\"elementor-button-icon\">\n\t\t\t\t<i aria-hidden=\"true\" class=\"fas fa-info-circle\"><\/i>\t\t\t<\/span>\n\t\t\t\t\t\t\t\t\t<span class=\"elementor-button-text\">Campa\u00f1a Martxa<\/span>\n\t\t\t\t\t<\/span>\n\t\t\t\t\t<\/a>\n\t\t\t\t<\/div>\n\t\t\t\t\t\t\t\t<\/div>\n\t\t\t\t<\/div>\n\t\t\t\t<div class=\"elementor-element elementor-element-70207a8 elementor-widget elementor-widget-image\" data-id=\"70207a8\" data-element_type=\"widget\" data-e-type=\"widget\" data-widget_type=\"image.default\">\n\t\t\t\t<div class=\"elementor-widget-container\">\n\t\t\t\t\t\t\t\t\t\t\t\t\t\t\t<img decoding=\"async\" width=\"960\" height=\"304\" src=\"https:\/\/www.usandizaga.com\/design\/wp-content\/uploads\/2020\/03\/MARTXA-2020-ZURE-PAPERA-data-gabe3-960x304.png\" class=\"attachment-large size-large wp-image-15969\" alt=\"imagen principal de la martxa y eslogan\" srcset=\"https:\/\/www.usandizaga.com\/design\/wp-content\/uploads\/2020\/03\/MARTXA-2020-ZURE-PAPERA-data-gabe3-960x304.png 960w, https:\/\/www.usandizaga.com\/design\/wp-content\/uploads\/2020\/03\/MARTXA-2020-ZURE-PAPERA-data-gabe3-355x112.png 355w, https:\/\/www.usandizaga.com\/design\/wp-content\/uploads\/2020\/03\/MARTXA-2020-ZURE-PAPERA-data-gabe3-768x243.png 768w, https:\/\/www.usandizaga.com\/design\/wp-content\/uploads\/2020\/03\/MARTXA-2020-ZURE-PAPERA-data-gabe3.png 1238w\" sizes=\"(max-width: 960px) 100vw, 960px\" \/>\t\t\t\t\t\t\t\t\t\t\t\t\t\t\t<\/div>\n\t\t\t\t<\/div>\n\t\t\t\t\t<\/div>\n\t\t<\/div>\n\t\t\t\t\t<\/div>\n\t\t<\/section>\n\t\t\t\t<section class=\"elementor-section elementor-top-section elementor-element elementor-element-5b2d3ce elementor-section-content-middle elementor-section-boxed elementor-section-height-default elementor-section-height-default\" data-id=\"5b2d3ce\" data-element_type=\"section\" data-e-type=\"section\">\n\t\t\t\t\t\t<div class=\"elementor-container elementor-column-gap-no\">\n\t\t\t\t\t<div class=\"elementor-column elementor-col-100 elementor-top-column elementor-element elementor-element-cf8bea2\" data-id=\"cf8bea2\" data-element_type=\"column\" data-e-type=\"column\">\n\t\t\t<div class=\"elementor-widget-wrap elementor-element-populated\">\n\t\t\t\t\t\t<div class=\"elementor-element elementor-element-4f660db elementor-widget elementor-widget-heading\" data-id=\"4f660db\" data-element_type=\"widget\" data-e-type=\"widget\" data-widget_type=\"heading.default\">\n\t\t\t\t<div class=\"elementor-widget-container\">\n\t\t\t\t\t<h2 class=\"elementor-heading-title elementor-size-default\">Diagrama de elecciones cotidianas<\/h2>\t\t\t\t<\/div>\n\t\t\t\t<\/div>\n\t\t\t\t<div class=\"elementor-element elementor-element-82d2c00 elementor-widget elementor-widget-text-editor\" data-id=\"82d2c00\" data-element_type=\"widget\" data-e-type=\"widget\" data-widget_type=\"text-editor.default\">\n\t\t\t\t<div class=\"elementor-widget-container\">\n\t\t\t\t\t\t\t\t\t<p>En el contexto de la campa\u00f1a de comunicaci\u00f3n para la Martxa contra el Racismo del 2019 creamos una p\u00f3ster diagrama que cuenta con tus recorridos para activarse.<br \/><span style=\"color: #3a3a3a; font-size: 18px;\">El diagrama te marca tu posici\u00f3n hoy d\u00eda y partiendo de este inicio, en funci\u00f3n de la elecciones que vayas haciendo puedes llegar a 10 finales posibles, o quiz\u00e1s a m\u00e1s. Son tus potenciales yoes del futuro.<\/span><\/p>\t\t\t\t\t\t\t\t<\/div>\n\t\t\t\t<\/div>\n\t\t\t\t<div class=\"elementor-element elementor-element-3c5417e elementor-align-center elementor-widget elementor-widget-button\" data-id=\"3c5417e\" data-element_type=\"widget\" data-e-type=\"widget\" data-widget_type=\"button.default\">\n\t\t\t\t<div class=\"elementor-widget-container\">\n\t\t\t\t\t\t\t\t\t<div class=\"elementor-button-wrapper\">\n\t\t\t\t\t<a class=\"elementor-button elementor-button-link elementor-size-sm\" href=\"https:\/\/www.usandizaga.com\/design\/diagrama-de-elecciones-cotidianas\/\" target=\"_blank\">\n\t\t\t\t\t\t<span class=\"elementor-button-content-wrapper\">\n\t\t\t\t\t\t<span class=\"elementor-button-icon\">\n\t\t\t\t<i aria-hidden=\"true\" class=\"fas fa-info-circle\"><\/i>\t\t\t<\/span>\n\t\t\t\t\t\t\t\t\t<span class=\"elementor-button-text\">Elecciones Cotidianas<\/span>\n\t\t\t\t\t<\/span>\n\t\t\t\t\t<\/a>\n\t\t\t\t<\/div>\n\t\t\t\t\t\t\t\t<\/div>\n\t\t\t\t<\/div>\n\t\t\t\t<div class=\"elementor-element elementor-element-4493fbf elementor-widget elementor-widget-image\" data-id=\"4493fbf\" data-element_type=\"widget\" data-e-type=\"widget\" data-widget_type=\"image.default\">\n\t\t\t\t<div class=\"elementor-widget-container\">\n\t\t\t\t\t\t\t\t\t\t\t\t\t\t\t<img decoding=\"async\" width=\"960\" height=\"720\" src=\"https:\/\/www.usandizaga.com\/design\/wp-content\/uploads\/2020\/04\/Diapositiva70-1.jpg\" class=\"attachment-large size-large wp-image-16256\" alt=\"\" srcset=\"https:\/\/www.usandizaga.com\/design\/wp-content\/uploads\/2020\/04\/Diapositiva70-1.jpg 960w, https:\/\/www.usandizaga.com\/design\/wp-content\/uploads\/2020\/04\/Diapositiva70-1-313x235.jpg 313w, https:\/\/www.usandizaga.com\/design\/wp-content\/uploads\/2020\/04\/Diapositiva70-1-768x576.jpg 768w\" sizes=\"(max-width: 960px) 100vw, 960px\" \/>\t\t\t\t\t\t\t\t\t\t\t\t\t\t\t<\/div>\n\t\t\t\t<\/div>\n\t\t\t\t\t<\/div>\n\t\t<\/div>\n\t\t\t\t\t<\/div>\n\t\t<\/section>\n\t\t\t\t<section class=\"elementor-section elementor-top-section elementor-element elementor-element-0ced043 elementor-section-boxed elementor-section-height-default elementor-section-height-default\" data-id=\"0ced043\" data-element_type=\"section\" data-e-type=\"section\">\n\t\t\t\t\t\t<div class=\"elementor-container elementor-column-gap-default\">\n\t\t\t\t\t<div class=\"elementor-column elementor-col-100 elementor-top-column elementor-element elementor-element-b20683c\" data-id=\"b20683c\" data-element_type=\"column\" data-e-type=\"column\">\n\t\t\t<div class=\"elementor-widget-wrap elementor-element-populated\">\n\t\t\t\t\t\t<div class=\"elementor-element elementor-element-db7ba41 elementor-widget elementor-widget-heading\" data-id=\"db7ba41\" data-element_type=\"widget\" data-e-type=\"widget\" data-widget_type=\"heading.default\">\n\t\t\t\t<div class=\"elementor-widget-container\">\n\t\t\t\t\t<h2 class=\"elementor-heading-title elementor-size-default\">Cuenta de Instagram para participar en la campa\u00f1a<\/h2>\t\t\t\t<\/div>\n\t\t\t\t<\/div>\n\t\t\t\t<div class=\"elementor-element elementor-element-d51236d elementor-widget elementor-widget-text-editor\" data-id=\"d51236d\" data-element_type=\"widget\" data-e-type=\"widget\" data-widget_type=\"text-editor.default\">\n\t\t\t\t<div class=\"elementor-widget-container\">\n\t\t\t\t\t\t\t\t\t<p>Puedes elegir sumarte a este movimiento en las redes sociales (instagram, twitter..), subiendo tus eslogans, y compartiendo los v\u00eddeos creados. Con el objetivo de dar a conocer y dinamizar esta campa\u00f1a hemos creado una cuenta de Instagram:<\/p>\t\t\t\t\t\t\t\t<\/div>\n\t\t\t\t<\/div>\n\t\t\t\t<div class=\"elementor-element elementor-element-fb4fc19 elementor-align-center elementor-widget elementor-widget-button\" data-id=\"fb4fc19\" data-element_type=\"widget\" data-e-type=\"widget\" data-widget_type=\"button.default\">\n\t\t\t\t<div class=\"elementor-widget-container\">\n\t\t\t\t\t\t\t\t\t<div class=\"elementor-button-wrapper\">\n\t\t\t\t\t<a class=\"elementor-button elementor-button-link elementor-size-md\" href=\"https:\/\/www.instagram.com\/martxacontraracismo\/\" target=\"_blank\" rel=\"noopener\">\n\t\t\t\t\t\t<span class=\"elementor-button-content-wrapper\">\n\t\t\t\t\t\t<span class=\"elementor-button-icon\">\n\t\t\t\t<i aria-hidden=\"true\" class=\"fab fa-instagram\"><\/i>\t\t\t<\/span>\n\t\t\t\t\t\t\t\t\t<span class=\"elementor-button-text\">@martxacontraracismo<\/span>\n\t\t\t\t\t<\/span>\n\t\t\t\t\t<\/a>\n\t\t\t\t<\/div>\n\t\t\t\t\t\t\t\t<\/div>\n\t\t\t\t<\/div>\n\t\t\t\t\t<\/div>\n\t\t<\/div>\n\t\t\t\t\t<\/div>\n\t\t<\/section>\n\t\t\t\t<section class=\"elementor-section elementor-top-section elementor-element elementor-element-a750e81 elementor-section-boxed elementor-section-height-default elementor-section-height-default\" data-id=\"a750e81\" data-element_type=\"section\" data-e-type=\"section\">\n\t\t\t\t\t\t<div class=\"elementor-container elementor-column-gap-default\">\n\t\t\t\t\t<div class=\"elementor-column elementor-col-100 elementor-top-column elementor-element elementor-element-d685fd5\" data-id=\"d685fd5\" data-element_type=\"column\" data-e-type=\"column\">\n\t\t\t<div class=\"elementor-widget-wrap elementor-element-populated\">\n\t\t\t\t\t\t<div class=\"elementor-element elementor-element-4bce2d5 elementor-widget elementor-widget-image\" data-id=\"4bce2d5\" data-element_type=\"widget\" data-e-type=\"widget\" data-widget_type=\"image.default\">\n\t\t\t\t<div class=\"elementor-widget-container\">\n\t\t\t\t\t\t\t\t\t\t\t\t\t\t\t<img loading=\"lazy\" decoding=\"async\" width=\"960\" height=\"684\" src=\"https:\/\/www.usandizaga.com\/design\/wp-content\/uploads\/2019\/03\/Martxa-2019-Prentsaurrekorako-im\u00e1genes-5_P\u00e1gina_09-960x684.png\" class=\"attachment-large size-large wp-image-14273\" alt=\"Imagen para la campa\u00f1a de comunicaci\u00f3n contra el racismo dise\u00f1ada en Ciclo Formativo de Grado Superior en Gr\u00e1fica Publicitaria Usandizaga\" srcset=\"https:\/\/www.usandizaga.com\/design\/wp-content\/uploads\/2019\/03\/Martxa-2019-Prentsaurrekorako-im\u00e1genes-5_P\u00e1gina_09-960x684.png 960w, https:\/\/www.usandizaga.com\/design\/wp-content\/uploads\/2019\/03\/Martxa-2019-Prentsaurrekorako-im\u00e1genes-5_P\u00e1gina_09-330x235.png 330w, https:\/\/www.usandizaga.com\/design\/wp-content\/uploads\/2019\/03\/Martxa-2019-Prentsaurrekorako-im\u00e1genes-5_P\u00e1gina_09-768x548.png 768w, https:\/\/www.usandizaga.com\/design\/wp-content\/uploads\/2019\/03\/Martxa-2019-Prentsaurrekorako-im\u00e1genes-5_P\u00e1gina_09.png 1432w\" sizes=\"(max-width: 960px) 100vw, 960px\" \/>\t\t\t\t\t\t\t\t\t\t\t\t\t\t\t<\/div>\n\t\t\t\t<\/div>\n\t\t\t\t\t<\/div>\n\t\t<\/div>\n\t\t\t\t\t<\/div>\n\t\t<\/section>\n\t\t\t\t<section class=\"elementor-section elementor-top-section elementor-element elementor-element-dbdbfaf elementor-section-boxed elementor-section-height-default elementor-section-height-default\" data-id=\"dbdbfaf\" data-element_type=\"section\" data-e-type=\"section\">\n\t\t\t\t\t\t<div class=\"elementor-container elementor-column-gap-default\">\n\t\t\t\t\t<div class=\"elementor-column elementor-col-100 elementor-top-column elementor-element elementor-element-3bc325d\" data-id=\"3bc325d\" data-element_type=\"column\" data-e-type=\"column\">\n\t\t\t<div class=\"elementor-widget-wrap elementor-element-populated\">\n\t\t\t\t\t\t<div class=\"elementor-element elementor-element-2001d18 elementor-widget elementor-widget-heading\" data-id=\"2001d18\" data-element_type=\"widget\" data-e-type=\"widget\" data-widget_type=\"heading.default\">\n\t\t\t\t<div class=\"elementor-widget-container\">\n\t\t\t\t\t<h2 class=\"elementor-heading-title elementor-size-default\">FOTOGRAF\u00cdAS DE LA CAMPA\u00d1A<\/h2>\t\t\t\t<\/div>\n\t\t\t\t<\/div>\n\t\t\t\t\t<\/div>\n\t\t<\/div>\n\t\t\t\t\t<\/div>\n\t\t<\/section>\n\t\t\t\t<section class=\"elementor-section elementor-top-section elementor-element elementor-element-39ea078 elementor-section-boxed elementor-section-height-default elementor-section-height-default\" data-id=\"39ea078\" data-element_type=\"section\" data-e-type=\"section\">\n\t\t\t\t\t\t<div class=\"elementor-container elementor-column-gap-default\">\n\t\t\t\t\t<div class=\"elementor-column elementor-col-100 elementor-top-column elementor-element elementor-element-25038a7\" data-id=\"25038a7\" data-element_type=\"column\" data-e-type=\"column\">\n\t\t\t<div class=\"elementor-widget-wrap elementor-element-populated\">\n\t\t\t\t\t\t<div class=\"elementor-element elementor-element-b082d35 elementor-widget elementor-widget-text-editor\" data-id=\"b082d35\" data-element_type=\"widget\" data-e-type=\"widget\" data-widget_type=\"text-editor.default\">\n\t\t\t\t<div class=\"elementor-widget-container\">\n\t\t\t\t\t\t\t\t\t[cws_gpp_images_by_albumid_gp id=&#8217;AAWnrkh0AxtXauDBuyW3H1Y7zNuTNu9lPpBRu3OPvgdGHJGzw86dKnTjnrML4qLEJwaWSFfryQgY&#8217; theme=&#8217;grid&#8217; show_title=&#8217;0&#8242; show_details=&#8217;0&#8242;]\n\t\t\t\t\t\t\t\t<\/div>\n\t\t\t\t<\/div>\n\t\t\t\t\t<\/div>\n\t\t<\/div>\n\t\t\t\t\t<\/div>\n\t\t<\/section>\n\t\t\t\t<\/div>\n\t\t","protected":false},"excerpt":{"rendered":"<p>Campa\u00f1a para la Martxa Contra el Racismo en la que se invita a elegir tu slogan antiracista Todas las personas somos diversas, haremos diferentes elecciones en el d\u00eda a d\u00eda, &#8230; <a title=\"Elige tu Eslogan Contra el Racismo\" class=\"read-more\" href=\"https:\/\/www.usandizaga.com\/design\/elige-tu-slogan-contra-el-racismo\/\" aria-label=\"Leer m\u00e1s sobre Elige tu Eslogan Contra el Racismo\">+info<\/a><\/p>\n","protected":false},"author":1,"featured_media":14244,"comment_status":"closed","ping_status":"closed","sticky":false,"template":"elementor_header_footer","format":"standard","meta":{"generate_page_header":"","footnotes":""},"categories":[5,13],"tags":[52,105,220],"class_list":["post-14223","post","type-post","status-publish","format-standard","has-post-thumbnail","hentry","category-proyectos-de-diseno-grafico","category-diseno-grafico-social","tag-cooperacion","tag-diseno-de-carteles","tag-diseno_social","generate-columns","tablet-grid-50","mobile-grid-100","grid-parent","grid-33"],"lang":"es","translations":{"es":14223},"pll_sync_post":[],"_links":{"self":[{"href":"https:\/\/www.usandizaga.com\/design\/wp-json\/wp\/v2\/posts\/14223","targetHints":{"allow":["GET"]}}],"collection":[{"href":"https:\/\/www.usandizaga.com\/design\/wp-json\/wp\/v2\/posts"}],"about":[{"href":"https:\/\/www.usandizaga.com\/design\/wp-json\/wp\/v2\/types\/post"}],"author":[{"embeddable":true,"href":"https:\/\/www.usandizaga.com\/design\/wp-json\/wp\/v2\/users\/1"}],"replies":[{"embeddable":true,"href":"https:\/\/www.usandizaga.com\/design\/wp-json\/wp\/v2\/comments?post=14223"}],"version-history":[{"count":0,"href":"https:\/\/www.usandizaga.com\/design\/wp-json\/wp\/v2\/posts\/14223\/revisions"}],"wp:featuredmedia":[{"embeddable":true,"href":"https:\/\/www.usandizaga.com\/design\/wp-json\/wp\/v2\/media\/14244"}],"wp:attachment":[{"href":"https:\/\/www.usandizaga.com\/design\/wp-json\/wp\/v2\/media?parent=14223"}],"wp:term":[{"taxonomy":"category","embeddable":true,"href":"https:\/\/www.usandizaga.com\/design\/wp-json\/wp\/v2\/categories?post=14223"},{"taxonomy":"post_tag","embeddable":true,"href":"https:\/\/www.usandizaga.com\/design\/wp-json\/wp\/v2\/tags?post=14223"}],"curies":[{"name":"wp","href":"https:\/\/api.w.org\/{rel}","templated":true}]}}