{"id":14257,"date":"2019-03-21T13:38:41","date_gmt":"2019-03-21T12:38:41","guid":{"rendered":"http:\/\/www.usandizaga.com\/design\/?p=14257"},"modified":"2022-03-22T16:46:39","modified_gmt":"2022-03-22T15:46:39","slug":"campana-de-comunicacion-para-la-martxa-contra-el-racismo","status":"publish","type":"post","link":"https:\/\/www.usandizaga.com\/design\/campana-de-comunicacion-para-la-martxa-contra-el-racismo\/","title":{"rendered":"Campa\u00f1a de comunicaci\u00f3n para la Martxa contra el Racismo"},"content":{"rendered":"\t\t<div data-elementor-type=\"wp-post\" data-elementor-id=\"14257\" class=\"elementor elementor-14257\" data-elementor-post-type=\"post\">\n\t\t\t\t\t\t<section class=\"elementor-section elementor-top-section elementor-element elementor-element-134223a elementor-section-full_width elementor-section-height-min-height elementor-section-height-default elementor-section-items-middle\" data-id=\"134223a\" data-element_type=\"section\" data-e-type=\"section\" data-settings=\"{&quot;background_background&quot;:&quot;classic&quot;}\">\n\t\t\t\t\t\t<div class=\"elementor-container elementor-column-gap-default\">\n\t\t\t\t\t<div class=\"elementor-column elementor-col-100 elementor-top-column elementor-element elementor-element-70e19e9\" data-id=\"70e19e9\" data-element_type=\"column\" data-e-type=\"column\">\n\t\t\t<div class=\"elementor-widget-wrap\">\n\t\t\t\t\t\t\t<\/div>\n\t\t<\/div>\n\t\t\t\t\t<\/div>\n\t\t<\/section>\n\t\t\t\t<section class=\"elementor-section elementor-top-section elementor-element elementor-element-771abacf elementor-section-content-middle elementor-section-boxed elementor-section-height-default elementor-section-height-default\" data-id=\"771abacf\" data-element_type=\"section\" data-e-type=\"section\">\n\t\t\t\t\t\t<div class=\"elementor-container elementor-column-gap-no\">\n\t\t\t\t\t<div class=\"elementor-column elementor-col-100 elementor-top-column elementor-element elementor-element-1a1f8d49\" data-id=\"1a1f8d49\" data-element_type=\"column\" data-e-type=\"column\">\n\t\t\t<div class=\"elementor-widget-wrap elementor-element-populated\">\n\t\t\t\t\t\t<div class=\"elementor-element elementor-element-5ba85ec elementor-widget elementor-widget-theme-post-title elementor-page-title elementor-widget-heading\" data-id=\"5ba85ec\" data-element_type=\"widget\" data-e-type=\"widget\" data-widget_type=\"theme-post-title.default\">\n\t\t\t\t<div class=\"elementor-widget-container\">\n\t\t\t\t\t<h1 class=\"elementor-heading-title elementor-size-default\">Campa\u00f1a de comunicaci\u00f3n para la Martxa contra el Racismo<\/h1>\t\t\t\t<\/div>\n\t\t\t\t<\/div>\n\t\t\t\t<div class=\"elementor-element elementor-element-5b1343a1 elementor-widget elementor-widget-text-editor\" data-id=\"5b1343a1\" data-element_type=\"widget\" data-e-type=\"widget\" data-widget_type=\"text-editor.default\">\n\t\t\t\t<div class=\"elementor-widget-container\">\n\t\t\t\t\t\t\t\t\t<p>Cada a\u00f1o, en el contexto de la asignatura de Proyectos de Gr\u00e1fica Publicitaria, dise\u00f1amos y producimos la Campa\u00f1a de Comunicaci\u00f3n para promover la participaci\u00f3n en la Martxa Contra el Racismo coordinada por <strong>SOS Racismo<\/strong>, <strong>Medicus Mundi<\/strong> y la <strong>Coordinadora de ONGDs de Euskadi y secundada por otras 47 organizaciones<\/strong>.<\/p>\t\t\t\t\t\t\t\t<\/div>\n\t\t\t\t<\/div>\n\t\t\t\t\t<\/div>\n\t\t<\/div>\n\t\t\t\t\t<\/div>\n\t\t<\/section>\n\t\t\t\t<section class=\"elementor-section elementor-top-section elementor-element elementor-element-cc905ae elementor-section-boxed elementor-section-height-default elementor-section-height-default\" data-id=\"cc905ae\" data-element_type=\"section\" data-e-type=\"section\">\n\t\t\t\t\t\t<div class=\"elementor-container elementor-column-gap-default\">\n\t\t\t\t\t<div class=\"elementor-column elementor-col-100 elementor-top-column elementor-element elementor-element-3735027\" data-id=\"3735027\" data-element_type=\"column\" data-e-type=\"column\">\n\t\t\t<div class=\"elementor-widget-wrap elementor-element-populated\">\n\t\t\t\t\t\t<div class=\"elementor-element elementor-element-8544fcf elementor-widget elementor-widget-image\" data-id=\"8544fcf\" data-element_type=\"widget\" data-e-type=\"widget\" data-widget_type=\"image.default\">\n\t\t\t\t<div class=\"elementor-widget-container\">\n\t\t\t\t\t\t\t\t\t\t\t\t\t\t\t<img fetchpriority=\"high\" decoding=\"async\" width=\"960\" height=\"645\" src=\"https:\/\/www.usandizaga.com\/design\/wp-content\/uploads\/2019\/03\/Martxa-2019-Prentsaurrekorako-im\u00e1genes-optim-960x645.png\" class=\"attachment-large size-large wp-image-14247\" alt=\"Imagen para la campa\u00f1a de comunicaci\u00f3n contra el racismo dise\u00f1ada en Ciclo Formativo de Grado Superior en Gr\u00e1fica Publicitaria Usandizaga\" srcset=\"https:\/\/www.usandizaga.com\/design\/wp-content\/uploads\/2019\/03\/Martxa-2019-Prentsaurrekorako-im\u00e1genes-optim.png 960w, https:\/\/www.usandizaga.com\/design\/wp-content\/uploads\/2019\/03\/Martxa-2019-Prentsaurrekorako-im\u00e1genes-optim-350x235.png 350w, https:\/\/www.usandizaga.com\/design\/wp-content\/uploads\/2019\/03\/Martxa-2019-Prentsaurrekorako-im\u00e1genes-optim-768x516.png 768w\" sizes=\"(max-width: 960px) 100vw, 960px\" \/>\t\t\t\t\t\t\t\t\t\t\t\t\t\t\t<\/div>\n\t\t\t\t<\/div>\n\t\t\t\t\t<\/div>\n\t\t<\/div>\n\t\t\t\t\t<\/div>\n\t\t<\/section>\n\t\t\t\t<section class=\"elementor-section elementor-top-section elementor-element elementor-element-4c9ad44 elementor-section-boxed elementor-section-height-default elementor-section-height-default\" data-id=\"4c9ad44\" data-element_type=\"section\" data-e-type=\"section\">\n\t\t\t\t\t\t<div class=\"elementor-container elementor-column-gap-default\">\n\t\t\t\t\t<div class=\"elementor-column elementor-col-100 elementor-top-column elementor-element elementor-element-14e9ebc\" data-id=\"14e9ebc\" data-element_type=\"column\" data-e-type=\"column\">\n\t\t\t<div class=\"elementor-widget-wrap elementor-element-populated\">\n\t\t\t\t\t\t<div class=\"elementor-element elementor-element-f6063f5 elementor-widget elementor-widget-text-editor\" data-id=\"f6063f5\" data-element_type=\"widget\" data-e-type=\"widget\" data-widget_type=\"text-editor.default\">\n\t\t\t\t<div class=\"elementor-widget-container\">\n\t\t\t\t\t\t\t\t\t<h2 style=\"font-style: normal;\">A\u00f1o de elecciones<\/h2><p style=\"font-family: Merriweather, sans-serif; font-size: 18px; font-weight: 400;\">El manifiesto para la Martxa de 2019 que nos traslad\u00f3\u00a0<span style=\"font-weight: bold;\">SOS Racismo, Medicusmundi y la Coordinadora de ONGD de Euskadi<\/span>\u00a0contextualizaba la\u00a0<span style=\"font-weight: bold;\">Martxa contra el Racismo<\/span>\u00a0de esta a\u00f1o en las\u00a0<span style=\"font-weight: bold;\">Elecciones<\/span>\u00a0de este a\u00f1o, el 28 de abril elecciones generales, el 26 de mayo se celebrar\u00e1n elecciones europeas, municipales y forales. Se trata de un manifiesto\u00a0<i>Por una pol\u00edtica de asilo e inmigraci\u00f3n solidaria, basada en el respeto a los Derechos Humanos<\/i>.<\/p><p style=\"font-family: Merriweather, sans-serif; font-size: 18px; font-weight: 400;\">El manifiesto que secundan una 47 organizaciones dice \u201ca la vista de los discursos de las corrientes xen\u00f3fobas, que tienen amplio predicamento en la mayor\u00eda de pa\u00edses de la UE, tambi\u00e9n comienzan a asentarse en nuestro pa\u00eds, lo que, sin duda, podr\u00eda afectar en sentido negativo, en varias cuestiones relacionadas con la migraci\u00f3n\u201d.<\/p>\t\t\t\t\t\t\t\t<\/div>\n\t\t\t\t<\/div>\n\t\t\t\t\t<\/div>\n\t\t<\/div>\n\t\t\t\t\t<\/div>\n\t\t<\/section>\n\t\t\t\t<section class=\"elementor-section elementor-top-section elementor-element elementor-element-01a0131 elementor-section-boxed elementor-section-height-default elementor-section-height-default\" data-id=\"01a0131\" data-element_type=\"section\" data-e-type=\"section\">\n\t\t\t\t\t\t<div class=\"elementor-container elementor-column-gap-default\">\n\t\t\t\t\t<div class=\"elementor-column elementor-col-100 elementor-top-column elementor-element elementor-element-d70d29b\" data-id=\"d70d29b\" data-element_type=\"column\" data-e-type=\"column\">\n\t\t\t<div class=\"elementor-widget-wrap elementor-element-populated\">\n\t\t\t\t\t\t<div class=\"elementor-element elementor-element-ce40923 elementor-widget elementor-widget-image\" data-id=\"ce40923\" data-element_type=\"widget\" data-e-type=\"widget\" data-widget_type=\"image.default\">\n\t\t\t\t<div class=\"elementor-widget-container\">\n\t\t\t\t\t\t\t\t\t\t\t\t\t\t\t<img decoding=\"async\" width=\"960\" height=\"684\" src=\"https:\/\/www.usandizaga.com\/design\/wp-content\/uploads\/2019\/03\/Martxa-2019-Prentsaurrekorako-im\u00e1genes-5_P\u00e1gina_11-news-optim-960x684.jpg\" class=\"attachment-large size-large wp-image-14265\" alt=\"News para la campa\u00f1a de comunicaci\u00f3n contra el racismo dise\u00f1ada en Ciclo Formativo de Grado Superior en Gr\u00e1fica Publicitaria Usandizaga\" srcset=\"https:\/\/www.usandizaga.com\/design\/wp-content\/uploads\/2019\/03\/Martxa-2019-Prentsaurrekorako-im\u00e1genes-5_P\u00e1gina_11-news-optim.jpg 960w, https:\/\/www.usandizaga.com\/design\/wp-content\/uploads\/2019\/03\/Martxa-2019-Prentsaurrekorako-im\u00e1genes-5_P\u00e1gina_11-news-optim-330x235.jpg 330w, https:\/\/www.usandizaga.com\/design\/wp-content\/uploads\/2019\/03\/Martxa-2019-Prentsaurrekorako-im\u00e1genes-5_P\u00e1gina_11-news-optim-768x547.jpg 768w\" sizes=\"(max-width: 960px) 100vw, 960px\" \/>\t\t\t\t\t\t\t\t\t\t\t\t\t\t\t<\/div>\n\t\t\t\t<\/div>\n\t\t\t\t\t<\/div>\n\t\t<\/div>\n\t\t\t\t\t<\/div>\n\t\t<\/section>\n\t\t\t\t<section class=\"elementor-section elementor-top-section elementor-element elementor-element-112568c elementor-section-boxed elementor-section-height-default elementor-section-height-default\" data-id=\"112568c\" data-element_type=\"section\" data-e-type=\"section\">\n\t\t\t\t\t\t<div class=\"elementor-container elementor-column-gap-default\">\n\t\t\t\t\t<div class=\"elementor-column elementor-col-100 elementor-top-column elementor-element elementor-element-b6ee0c9\" data-id=\"b6ee0c9\" data-element_type=\"column\" data-e-type=\"column\">\n\t\t\t<div class=\"elementor-widget-wrap elementor-element-populated\">\n\t\t\t\t\t\t<div class=\"elementor-element elementor-element-95642c6 elementor-widget elementor-widget-text-editor\" data-id=\"95642c6\" data-element_type=\"widget\" data-e-type=\"widget\" data-widget_type=\"text-editor.default\">\n\t\t\t\t<div class=\"elementor-widget-container\">\n\t\t\t\t\t\t\t\t\t<h2 style=\"font-style: normal;\">Tres ejes: Elecciones abril-mayo, Elecciones cotidianas y miedo<\/h2><p style=\"font-family: Merriweather, sans-serif; font-size: 18px; font-weight: 400;\">Tras una fase de investigaci\u00f3n para profundizar en el tema, un intenso Brain Storming y debate en clase, llegamos a estos tres ejes: Elecciones abril-mayo, Elecciones Cotidianas y Miedo.<\/p>\t\t\t\t\t\t\t\t<\/div>\n\t\t\t\t<\/div>\n\t\t\t\t\t<\/div>\n\t\t<\/div>\n\t\t\t\t\t<\/div>\n\t\t<\/section>\n\t\t\t\t<section class=\"elementor-section elementor-top-section elementor-element elementor-element-e64fee5 elementor-section-boxed elementor-section-height-default elementor-section-height-default\" data-id=\"e64fee5\" data-element_type=\"section\" data-e-type=\"section\">\n\t\t\t\t\t\t<div class=\"elementor-container elementor-column-gap-default\">\n\t\t\t\t\t<div class=\"elementor-column elementor-col-100 elementor-top-column elementor-element elementor-element-ed1a28b\" data-id=\"ed1a28b\" data-element_type=\"column\" data-e-type=\"column\">\n\t\t\t<div class=\"elementor-widget-wrap elementor-element-populated\">\n\t\t\t\t\t\t<div class=\"elementor-element elementor-element-a2d7be9 elementor-widget elementor-widget-image\" data-id=\"a2d7be9\" data-element_type=\"widget\" data-e-type=\"widget\" data-widget_type=\"image.default\">\n\t\t\t\t<div class=\"elementor-widget-container\">\n\t\t\t\t\t\t\t\t\t\t\t\t\t\t\t<img decoding=\"async\" width=\"960\" height=\"684\" src=\"https:\/\/www.usandizaga.com\/design\/wp-content\/uploads\/2019\/03\/Martxa-2019-Prentsaurrekorako-im\u00e1genes-5_P\u00e1gina_07-optim-960x684.jpg\" class=\"attachment-large size-large wp-image-14248\" alt=\"Hiritartasuna guztiontzat para la campa\u00f1a de comunicaci\u00f3n contra el racismo dise\u00f1ada en Ciclo Formativo de Grado Superior en Gr\u00e1fica Publicitaria Usandizaga\" srcset=\"https:\/\/www.usandizaga.com\/design\/wp-content\/uploads\/2019\/03\/Martxa-2019-Prentsaurrekorako-im\u00e1genes-5_P\u00e1gina_07-optim.jpg 960w, https:\/\/www.usandizaga.com\/design\/wp-content\/uploads\/2019\/03\/Martxa-2019-Prentsaurrekorako-im\u00e1genes-5_P\u00e1gina_07-optim-330x235.jpg 330w, https:\/\/www.usandizaga.com\/design\/wp-content\/uploads\/2019\/03\/Martxa-2019-Prentsaurrekorako-im\u00e1genes-5_P\u00e1gina_07-optim-768x547.jpg 768w\" sizes=\"(max-width: 960px) 100vw, 960px\" \/>\t\t\t\t\t\t\t\t\t\t\t\t\t\t\t<\/div>\n\t\t\t\t<\/div>\n\t\t\t\t\t<\/div>\n\t\t<\/div>\n\t\t\t\t\t<\/div>\n\t\t<\/section>\n\t\t\t\t<section class=\"elementor-section elementor-top-section elementor-element elementor-element-d6f26c2 elementor-section-boxed elementor-section-height-default elementor-section-height-default\" data-id=\"d6f26c2\" data-element_type=\"section\" data-e-type=\"section\">\n\t\t\t\t\t\t<div class=\"elementor-container elementor-column-gap-default\">\n\t\t\t\t\t<div class=\"elementor-column elementor-col-100 elementor-top-column elementor-element elementor-element-8eca221\" data-id=\"8eca221\" data-element_type=\"column\" data-e-type=\"column\">\n\t\t\t<div class=\"elementor-widget-wrap elementor-element-populated\">\n\t\t\t\t\t\t<div class=\"elementor-element elementor-element-a90d8be elementor-widget elementor-widget-text-editor\" data-id=\"a90d8be\" data-element_type=\"widget\" data-e-type=\"widget\" data-widget_type=\"text-editor.default\">\n\t\t\t\t<div class=\"elementor-widget-container\">\n\t\t\t\t\t\t\t\t\t<h2>Elecciones cotidianas<\/h2><p>Durante la investigaci\u00f3n que realizamos al inicio, reflexionamos\u00a0 sobre la importancia de las \u201c<strong>ELECCIONES<\/strong>\u201d pero que \u00a0adem\u00e1s de los <strong>Procesos Electorales<\/strong>, tan importantes son esas <strong>elecciones cotidianas<\/strong> que te hacen como persona y crean la Sociedad.<\/p>\t\t\t\t\t\t\t\t<\/div>\n\t\t\t\t<\/div>\n\t\t\t\t<div class=\"elementor-element elementor-element-cfbe9fd elementor-widget elementor-widget-image\" data-id=\"cfbe9fd\" data-element_type=\"widget\" data-e-type=\"widget\" data-widget_type=\"image.default\">\n\t\t\t\t<div class=\"elementor-widget-container\">\n\t\t\t\t\t\t\t\t\t\t\t\t\t\t\t<img loading=\"lazy\" decoding=\"async\" width=\"960\" height=\"684\" src=\"https:\/\/www.usandizaga.com\/design\/wp-content\/uploads\/2019\/03\/Martxa-2019-Prentsaurrekorako-im\u00e1genes-5_P\u00e1gina_18-optim-960x684.jpg\" class=\"attachment-large size-large wp-image-14250\" alt=\"Generalizar es siempre equivocarse Rodrigo Soria para la campa\u00f1a de comunicaci\u00f3n contra el racismo dise\u00f1ada en Ciclo Formativo de Grado Superior en Gr\u00e1fica Publicitaria Usandizaga\" srcset=\"https:\/\/www.usandizaga.com\/design\/wp-content\/uploads\/2019\/03\/Martxa-2019-Prentsaurrekorako-im\u00e1genes-5_P\u00e1gina_18-optim.jpg 960w, https:\/\/www.usandizaga.com\/design\/wp-content\/uploads\/2019\/03\/Martxa-2019-Prentsaurrekorako-im\u00e1genes-5_P\u00e1gina_18-optim-330x235.jpg 330w, https:\/\/www.usandizaga.com\/design\/wp-content\/uploads\/2019\/03\/Martxa-2019-Prentsaurrekorako-im\u00e1genes-5_P\u00e1gina_18-optim-768x547.jpg 768w\" sizes=\"(max-width: 960px) 100vw, 960px\" \/>\t\t\t\t\t\t\t\t\t\t\t\t\t\t\t<\/div>\n\t\t\t\t<\/div>\n\t\t\t\t\t<\/div>\n\t\t<\/div>\n\t\t\t\t\t<\/div>\n\t\t<\/section>\n\t\t\t\t<section class=\"elementor-section elementor-top-section elementor-element elementor-element-e711d00 elementor-section-boxed elementor-section-height-default elementor-section-height-default\" data-id=\"e711d00\" data-element_type=\"section\" data-e-type=\"section\">\n\t\t\t\t\t\t<div class=\"elementor-container elementor-column-gap-default\">\n\t\t\t\t\t<div class=\"elementor-column elementor-col-100 elementor-top-column elementor-element elementor-element-e18dce5\" data-id=\"e18dce5\" data-element_type=\"column\" data-e-type=\"column\">\n\t\t\t<div class=\"elementor-widget-wrap elementor-element-populated\">\n\t\t\t\t\t\t<div class=\"elementor-element elementor-element-c01d2b8 elementor-widget elementor-widget-text-editor\" data-id=\"c01d2b8\" data-element_type=\"widget\" data-e-type=\"widget\" data-widget_type=\"text-editor.default\">\n\t\t\t\t<div class=\"elementor-widget-container\">\n\t\t\t\t\t\t\t\t\t<h2>Miedo<\/h2><p>Y por otro lado, ve\u00edamos que lo que mov\u00eda a casi todas las personas para tomar decisiones o hacer elecciones muchas veces no respetuosas con los <strong>Derechos Humanos<\/strong> era el <strong>Miedo<\/strong>. Todas las personas sentimos miedo a perder lo que tenemos, miedo a perder el bienestar, miedo a lo desconocido, casi siempre un miedo irracional. Y ese miedo, si es llevado a las instituciones puede ser peligroso.<\/p>\t\t\t\t\t\t\t\t<\/div>\n\t\t\t\t<\/div>\n\t\t\t\t\t<\/div>\n\t\t<\/div>\n\t\t\t\t\t<\/div>\n\t\t<\/section>\n\t\t\t\t<section class=\"elementor-section elementor-top-section elementor-element elementor-element-ebae718 elementor-section-boxed elementor-section-height-default elementor-section-height-default\" data-id=\"ebae718\" data-element_type=\"section\" data-e-type=\"section\">\n\t\t\t\t\t\t<div class=\"elementor-container elementor-column-gap-default\">\n\t\t\t\t\t<div class=\"elementor-column elementor-col-100 elementor-top-column elementor-element elementor-element-5eb540b\" data-id=\"5eb540b\" data-element_type=\"column\" data-e-type=\"column\">\n\t\t\t<div class=\"elementor-widget-wrap elementor-element-populated\">\n\t\t\t\t\t\t<div class=\"elementor-element elementor-element-f52fd48 elementor-widget elementor-widget-image\" data-id=\"f52fd48\" data-element_type=\"widget\" data-e-type=\"widget\" data-widget_type=\"image.default\">\n\t\t\t\t<div class=\"elementor-widget-container\">\n\t\t\t\t\t\t\t\t\t\t\t\t\t\t\t<img loading=\"lazy\" decoding=\"async\" width=\"960\" height=\"684\" src=\"https:\/\/www.usandizaga.com\/design\/wp-content\/uploads\/2019\/03\/Martxa-2019-Prentsaurrekorako-im\u00e1genes-5_P\u00e1gina_06-960x684.png\" class=\"attachment-large size-large wp-image-14251\" alt=\"El miedo sin raz\u00f3n lleva a la exclusi\u00f3n para la campa\u00f1a de comunicaci\u00f3n contra el racismo dise\u00f1ada en Ciclo Formativo de Grado Superior en Gr\u00e1fica Publicitaria Usandizaga\" srcset=\"https:\/\/www.usandizaga.com\/design\/wp-content\/uploads\/2019\/03\/Martxa-2019-Prentsaurrekorako-im\u00e1genes-5_P\u00e1gina_06-960x684.png 960w, https:\/\/www.usandizaga.com\/design\/wp-content\/uploads\/2019\/03\/Martxa-2019-Prentsaurrekorako-im\u00e1genes-5_P\u00e1gina_06-330x235.png 330w, https:\/\/www.usandizaga.com\/design\/wp-content\/uploads\/2019\/03\/Martxa-2019-Prentsaurrekorako-im\u00e1genes-5_P\u00e1gina_06-768x548.png 768w, https:\/\/www.usandizaga.com\/design\/wp-content\/uploads\/2019\/03\/Martxa-2019-Prentsaurrekorako-im\u00e1genes-5_P\u00e1gina_06.png 1432w\" sizes=\"(max-width: 960px) 100vw, 960px\" \/>\t\t\t\t\t\t\t\t\t\t\t\t\t\t\t<\/div>\n\t\t\t\t<\/div>\n\t\t\t\t\t<\/div>\n\t\t<\/div>\n\t\t\t\t\t<\/div>\n\t\t<\/section>\n\t\t\t\t<section class=\"elementor-section elementor-top-section elementor-element elementor-element-61595f7 elementor-section-boxed elementor-section-height-default elementor-section-height-default\" data-id=\"61595f7\" data-element_type=\"section\" data-e-type=\"section\">\n\t\t\t\t\t\t<div class=\"elementor-container elementor-column-gap-default\">\n\t\t\t\t\t<div class=\"elementor-column elementor-col-100 elementor-top-column elementor-element elementor-element-073758e\" data-id=\"073758e\" data-element_type=\"column\" data-e-type=\"column\">\n\t\t\t<div class=\"elementor-widget-wrap elementor-element-populated\">\n\t\t\t\t\t\t<div class=\"elementor-element elementor-element-8eafb5d elementor-widget elementor-widget-text-editor\" data-id=\"8eafb5d\" data-element_type=\"widget\" data-e-type=\"widget\" data-widget_type=\"text-editor.default\">\n\t\t\t\t<div class=\"elementor-widget-container\">\n\t\t\t\t\t\t\t\t\t<h2>Tres caminos para transmitir el mensaje\u00a0<\/h2><p>Con esos conceptos en mente y tras un intenso proceso creativo, se han planteado tres herramientas de comunicaci\u00f3n sobre un mismo eje, dentro de la misma campa\u00f1a:<\/p><h3 style=\"font-style: normal;\">Diagrama de elecciones cotidianas<\/h3><p>Un diagrama debes de elegir tu respuesta ante un comentario racista y en funci\u00f3n de la elecciones que haces te llevar\u00e1 a 10 finales distintos.\u00a0<\/p><h3 style=\"font-style: normal;\">Elige tu Eslogan Contra el Racismo<\/h3><p>La Martxa la encabezar\u00e1 una pancarta vac\u00eda y bajo el lema&#8230;\u00a0<span style=\"font-weight: bold;\">ELIGE TU ESLOGAN CONTRA EL RACISMO.\u00a0\u00a0<\/span>planteamos que cientos de pancartas, carteles , mensajes recogidos en las redes sociales, inunden la Martxa de este a\u00f1o.<\/p><h3>V\u00eddeos de historias vitales<\/h3><p>V\u00eddeos de personas que cuentan sus experiencias vitales y plantean elecciones cotidianas que nos har\u00e1n reflexionar en torno al racismo y la desigualdad. \u00bfV\u00eddeos interactivos?<\/p>\t\t\t\t\t\t\t\t<\/div>\n\t\t\t\t<\/div>\n\t\t\t\t\t<\/div>\n\t\t<\/div>\n\t\t\t\t\t<\/div>\n\t\t<\/section>\n\t\t\t\t<\/div>\n\t\t","protected":false},"excerpt":{"rendered":"<p>Cada a\u00f1o, en el contexto de la asignatura de Proyectos de Gr\u00e1fica Publicitaria, dise\u00f1amos y producimos la Campa\u00f1a de Comunicaci\u00f3n para promover la participaci\u00f3n en la Martxa Contra el Racismo &#8230; <a title=\"Campa\u00f1a de comunicaci\u00f3n para la Martxa contra el Racismo\" class=\"read-more\" href=\"https:\/\/www.usandizaga.com\/design\/campana-de-comunicacion-para-la-martxa-contra-el-racismo\/\" aria-label=\"Leer m\u00e1s sobre Campa\u00f1a de comunicaci\u00f3n para la Martxa contra el Racismo\">+info<\/a><\/p>\n","protected":false},"author":1,"featured_media":14247,"comment_status":"closed","ping_status":"closed","sticky":false,"template":"elementor_header_footer","format":"standard","meta":{"generate_page_header":"","footnotes":""},"categories":[13],"tags":[],"class_list":["post-14257","post","type-post","status-publish","format-standard","has-post-thumbnail","hentry","category-diseno-grafico-social","generate-columns","tablet-grid-50","mobile-grid-100","grid-parent","grid-33"],"lang":"es","translations":{"es":14257},"pll_sync_post":[],"_links":{"self":[{"href":"https:\/\/www.usandizaga.com\/design\/wp-json\/wp\/v2\/posts\/14257","targetHints":{"allow":["GET"]}}],"collection":[{"href":"https:\/\/www.usandizaga.com\/design\/wp-json\/wp\/v2\/posts"}],"about":[{"href":"https:\/\/www.usandizaga.com\/design\/wp-json\/wp\/v2\/types\/post"}],"author":[{"embeddable":true,"href":"https:\/\/www.usandizaga.com\/design\/wp-json\/wp\/v2\/users\/1"}],"replies":[{"embeddable":true,"href":"https:\/\/www.usandizaga.com\/design\/wp-json\/wp\/v2\/comments?post=14257"}],"version-history":[{"count":0,"href":"https:\/\/www.usandizaga.com\/design\/wp-json\/wp\/v2\/posts\/14257\/revisions"}],"wp:featuredmedia":[{"embeddable":true,"href":"https:\/\/www.usandizaga.com\/design\/wp-json\/wp\/v2\/media\/14247"}],"wp:attachment":[{"href":"https:\/\/www.usandizaga.com\/design\/wp-json\/wp\/v2\/media?parent=14257"}],"wp:term":[{"taxonomy":"category","embeddable":true,"href":"https:\/\/www.usandizaga.com\/design\/wp-json\/wp\/v2\/categories?post=14257"},{"taxonomy":"post_tag","embeddable":true,"href":"https:\/\/www.usandizaga.com\/design\/wp-json\/wp\/v2\/tags?post=14257"}],"curies":[{"name":"wp","href":"https:\/\/api.w.org\/{rel}","templated":true}]}}