{"id":15060,"date":"2019-11-25T14:58:03","date_gmt":"2019-11-25T13:58:03","guid":{"rendered":"https:\/\/www.usandizaga.com\/design\/?p=15060"},"modified":"2022-03-22T16:29:15","modified_gmt":"2022-03-22T15:29:15","slug":"a25n-dia-internacional-contra-la-violencia-machista-juzgada","status":"publish","type":"post","link":"https:\/\/www.usandizaga.com\/design\/a25n-dia-internacional-contra-la-violencia-machista-juzgada\/","title":{"rendered":"A25N D\u00cdA INTERNACIONAL CONTRA LA VIOLENCIA MACHISTA: JUZGADA"},"content":{"rendered":"\t\t<div data-elementor-type=\"wp-post\" data-elementor-id=\"15060\" class=\"elementor elementor-15060\" data-elementor-post-type=\"post\">\n\t\t\t\t\t\t<section class=\"elementor-section elementor-top-section elementor-element elementor-element-1c617ba elementor-section-full_width elementor-section-height-min-height elementor-section-height-default elementor-section-items-middle\" data-id=\"1c617ba\" data-element_type=\"section\" data-e-type=\"section\" data-settings=\"{&quot;background_background&quot;:&quot;classic&quot;}\">\n\t\t\t\t\t\t\t<div class=\"elementor-background-overlay\"><\/div>\n\t\t\t\t\t\t\t<div class=\"elementor-container elementor-column-gap-no\">\n\t\t\t\t\t<div class=\"elementor-column elementor-col-100 elementor-top-column elementor-element elementor-element-66e1fe5\" data-id=\"66e1fe5\" data-element_type=\"column\" data-e-type=\"column\">\n\t\t\t<div class=\"elementor-widget-wrap\">\n\t\t\t\t\t\t\t<\/div>\n\t\t<\/div>\n\t\t\t\t\t<\/div>\n\t\t<\/section>\n\t\t\t\t<section class=\"elementor-section elementor-top-section elementor-element elementor-element-ef7a0d8 elementor-section-content-middle elementor-section-boxed elementor-section-height-default elementor-section-height-default\" data-id=\"ef7a0d8\" data-element_type=\"section\" data-e-type=\"section\">\n\t\t\t\t\t\t<div class=\"elementor-container elementor-column-gap-no\">\n\t\t\t\t\t<div class=\"elementor-column elementor-col-100 elementor-top-column elementor-element elementor-element-244ffcd\" data-id=\"244ffcd\" data-element_type=\"column\" data-e-type=\"column\">\n\t\t\t<div class=\"elementor-widget-wrap elementor-element-populated\">\n\t\t\t\t\t\t<div class=\"elementor-element elementor-element-7fed936 elementor-widget elementor-widget-theme-post-title elementor-page-title elementor-widget-heading\" data-id=\"7fed936\" data-element_type=\"widget\" data-e-type=\"widget\" data-widget_type=\"theme-post-title.default\">\n\t\t\t\t<div class=\"elementor-widget-container\">\n\t\t\t\t\t<h1 class=\"elementor-heading-title elementor-size-default\">A25N D\u00cdA INTERNACIONAL CONTRA LA VIOLENCIA MACHISTA: JUZGADA<\/h1>\t\t\t\t<\/div>\n\t\t\t\t<\/div>\n\t\t\t\t<div class=\"elementor-element elementor-element-76a20c5 elementor-widget elementor-widget-heading\" data-id=\"76a20c5\" data-element_type=\"widget\" data-e-type=\"widget\" data-widget_type=\"heading.default\">\n\t\t\t\t<div class=\"elementor-widget-container\">\n\t\t\t\t\t<h2 class=\"elementor-heading-title elementor-size-medium\">Campa\u00f1a de comunicaci\u00f3n en colaboraci\u00f3n con el Departamento de Igualdad del Ayuntamiento de Donostia<\/h2>\t\t\t\t<\/div>\n\t\t\t\t<\/div>\n\t\t\t\t<div class=\"elementor-element elementor-element-f270f1f elementor-widget elementor-widget-text-editor\" data-id=\"f270f1f\" data-element_type=\"widget\" data-e-type=\"widget\" data-widget_type=\"text-editor.default\">\n\t\t\t\t<div class=\"elementor-widget-container\">\n\t\t\t\t\t\t\t\t\t<p style=\"text-align: center;\">Queremos poner el acento sobre el juicio,\u00a0 acoso social y desprotecci\u00f3n que sufren las mujeres en lo social y en el \u00e1mbito judicial. <br \/>Un mensaje claro y directo:\u00a0<b>JUZGADA!<\/b><\/p><p style=\"text-align: left; padding-left: 200px;\"><strong>JUZGADA POR PEDIR IGUALDAD<\/strong><br \/><strong>JUZGADA POR SALIR CUANDO QUIERO<\/strong><br \/><strong>JUZGADA POR VESTIR COMO QUIERO<\/strong><br \/><strong>JUZGADA POR PEDIR RESPETO<\/strong><br \/><strong>JUZGADA POR SENTIR MIEDO<\/strong><br \/><strong>JUZGADA POR RESISTIRME<\/strong><br \/><strong>JUZGADA POR PEDIR JUSTICIA<\/strong><br \/><strong>JUZGADA POR DECIR LA VERDAD<\/strong><br \/><strong>JUZGADA POR SER MUJER<\/strong><\/p>\t\t\t\t\t\t\t\t<\/div>\n\t\t\t\t<\/div>\n\t\t\t\t\t<\/div>\n\t\t<\/div>\n\t\t\t\t\t<\/div>\n\t\t<\/section>\n\t\t\t\t<section class=\"elementor-section elementor-top-section elementor-element elementor-element-85d79a5 elementor-section-full_width elementor-section-height-default elementor-section-height-default\" data-id=\"85d79a5\" data-element_type=\"section\" data-e-type=\"section\">\n\t\t\t\t\t\t<div class=\"elementor-container elementor-column-gap-default\">\n\t\t\t\t\t<div class=\"elementor-column elementor-col-100 elementor-top-column elementor-element elementor-element-55f92bf\" data-id=\"55f92bf\" data-element_type=\"column\" data-e-type=\"column\">\n\t\t\t<div class=\"elementor-widget-wrap elementor-element-populated\">\n\t\t\t\t\t\t<div class=\"elementor-element elementor-element-69d97b7 elementor-widget elementor-widget-image\" data-id=\"69d97b7\" data-element_type=\"widget\" data-e-type=\"widget\" data-widget_type=\"image.default\">\n\t\t\t\t<div class=\"elementor-widget-container\">\n\t\t\t\t\t\t\t\t\t\t\t\t\t\t\t<img fetchpriority=\"high\" decoding=\"async\" width=\"851\" height=\"315\" src=\"https:\/\/www.usandizaga.com\/design\/wp-content\/uploads\/2019\/11\/foto-de-portada.png\" class=\"attachment-full size-full wp-image-15069\" alt=\"JUZGADA:Imagen campa\u00f1a contra la violencia de g\u00e9nero dise\u00f1ada en el Ciclo Formativo Grado Superior Usandizaga Dise\u00f1o\" srcset=\"https:\/\/www.usandizaga.com\/design\/wp-content\/uploads\/2019\/11\/foto-de-portada.png 851w, https:\/\/www.usandizaga.com\/design\/wp-content\/uploads\/2019\/11\/foto-de-portada-355x131.png 355w, https:\/\/www.usandizaga.com\/design\/wp-content\/uploads\/2019\/11\/foto-de-portada-768x284.png 768w\" sizes=\"(max-width: 851px) 100vw, 851px\" \/>\t\t\t\t\t\t\t\t\t\t\t\t\t\t\t<\/div>\n\t\t\t\t<\/div>\n\t\t\t\t\t<\/div>\n\t\t<\/div>\n\t\t\t\t\t<\/div>\n\t\t<\/section>\n\t\t\t\t<section class=\"elementor-section elementor-top-section elementor-element elementor-element-493729ee elementor-section-boxed elementor-section-height-default elementor-section-height-default\" data-id=\"493729ee\" data-element_type=\"section\" data-e-type=\"section\">\n\t\t\t\t\t\t<div class=\"elementor-container elementor-column-gap-default\">\n\t\t\t\t\t<div class=\"elementor-column elementor-col-100 elementor-top-column elementor-element elementor-element-1af82f97\" data-id=\"1af82f97\" data-element_type=\"column\" data-e-type=\"column\">\n\t\t\t<div class=\"elementor-widget-wrap elementor-element-populated\">\n\t\t\t\t\t\t<div class=\"elementor-element elementor-element-37b20378 elementor-widget elementor-widget-heading\" data-id=\"37b20378\" data-element_type=\"widget\" data-e-type=\"widget\" data-widget_type=\"heading.default\">\n\t\t\t\t<div class=\"elementor-widget-container\">\n\t\t\t\t\t<h2 class=\"elementor-heading-title elementor-size-default\">JUZGADA POR UNA PERSPECTIVA MACHISTA<\/h2>\t\t\t\t<\/div>\n\t\t\t\t<\/div>\n\t\t\t\t<div class=\"elementor-element elementor-element-4a81e369 elementor-widget elementor-widget-heading\" data-id=\"4a81e369\" data-element_type=\"widget\" data-e-type=\"widget\" data-widget_type=\"heading.default\">\n\t\t\t\t<div class=\"elementor-widget-container\">\n\t\t\t\t\t<h3 class=\"elementor-heading-title elementor-size-default\">que no se culpabilice  a las mujeres de los actos machistas<\/h3>\t\t\t\t<\/div>\n\t\t\t\t<\/div>\n\t\t\t\t<div class=\"elementor-element elementor-element-3c3b5e5b elementor-widget elementor-widget-text-editor\" data-id=\"3c3b5e5b\" data-element_type=\"widget\" data-e-type=\"widget\" data-widget_type=\"text-editor.default\">\n\t\t\t\t<div class=\"elementor-widget-container\">\n\t\t\t\t\t\t\t\t\t<p>Un mensaje rotundo que busca advertir y concienciar a la juventud del peligro y las consecuencias que conlleva el <strong>juicio social<\/strong> al que se ven sometidas las mujeres a diario.<\/p><p>Se trata de hacer visible entre la <strong>juventud<\/strong> las distintas formas en las que se manifiesta la violencia machista y el juicio hacia las mujeres. Que no se culpabilice a las mujeres de la los actos machistas.\u00a0<\/p><p>Tampoco queremos que se victimize a la mujer, que no aparezca como persona indefensa que sufre el maltrato sin plantarle car. Empoderar a la mujer, que reivindique y exija una sociedad m\u00e1s justa en la que se borra toda violencia machista.<\/p>\t\t\t\t\t\t\t\t<\/div>\n\t\t\t\t<\/div>\n\t\t\t\t\t<\/div>\n\t\t<\/div>\n\t\t\t\t\t<\/div>\n\t\t<\/section>\n\t\t\t\t<section class=\"elementor-section elementor-top-section elementor-element elementor-element-1ec9f20 elementor-section-full_width elementor-section-height-default elementor-section-height-default\" data-id=\"1ec9f20\" data-element_type=\"section\" data-e-type=\"section\">\n\t\t\t\t\t\t<div class=\"elementor-container elementor-column-gap-default\">\n\t\t\t\t\t<div class=\"elementor-column elementor-col-100 elementor-top-column elementor-element elementor-element-bef9b2d\" data-id=\"bef9b2d\" data-element_type=\"column\" data-e-type=\"column\">\n\t\t\t<div class=\"elementor-widget-wrap elementor-element-populated\">\n\t\t\t\t\t\t<div class=\"elementor-element elementor-element-c9bfc2d elementor-widget elementor-widget-image\" data-id=\"c9bfc2d\" data-element_type=\"widget\" data-e-type=\"widget\" data-widget_type=\"image.default\">\n\t\t\t\t<div class=\"elementor-widget-container\">\n\t\t\t\t\t\t\t\t\t\t\t\t\t\t\t<img decoding=\"async\" width=\"1120\" height=\"840\" src=\"https:\/\/www.usandizaga.com\/design\/wp-content\/uploads\/2019\/11\/Underground-Hall-Billboard-Mockup-For-Advertisement.jpg\" class=\"attachment-full size-full wp-image-15073\" alt=\"JUZGADA: Cartel grande campa\u00f1a contra la violencia de g\u00e9nero dise\u00f1ada en el Ciclo Formativo Grado Superior Usandizaga Dise\u00f1o\" srcset=\"https:\/\/www.usandizaga.com\/design\/wp-content\/uploads\/2019\/11\/Underground-Hall-Billboard-Mockup-For-Advertisement.jpg 1120w, https:\/\/www.usandizaga.com\/design\/wp-content\/uploads\/2019\/11\/Underground-Hall-Billboard-Mockup-For-Advertisement-313x235.jpg 313w, https:\/\/www.usandizaga.com\/design\/wp-content\/uploads\/2019\/11\/Underground-Hall-Billboard-Mockup-For-Advertisement-768x576.jpg 768w, https:\/\/www.usandizaga.com\/design\/wp-content\/uploads\/2019\/11\/Underground-Hall-Billboard-Mockup-For-Advertisement-960x720.jpg 960w\" sizes=\"(max-width: 1120px) 100vw, 1120px\" \/>\t\t\t\t\t\t\t\t\t\t\t\t\t\t\t<\/div>\n\t\t\t\t<\/div>\n\t\t\t\t\t<\/div>\n\t\t<\/div>\n\t\t\t\t\t<\/div>\n\t\t<\/section>\n\t\t\t\t<section class=\"elementor-section elementor-top-section elementor-element elementor-element-6ebdbfe elementor-section-boxed elementor-section-height-default elementor-section-height-default\" data-id=\"6ebdbfe\" data-element_type=\"section\" data-e-type=\"section\">\n\t\t\t\t\t\t<div class=\"elementor-container elementor-column-gap-default\">\n\t\t\t\t\t<div class=\"elementor-column elementor-col-100 elementor-top-column elementor-element elementor-element-d3b8109\" data-id=\"d3b8109\" data-element_type=\"column\" data-e-type=\"column\">\n\t\t\t<div class=\"elementor-widget-wrap elementor-element-populated\">\n\t\t\t\t\t\t<div class=\"elementor-element elementor-element-360b731 elementor-widget elementor-widget-heading\" data-id=\"360b731\" data-element_type=\"widget\" data-e-type=\"widget\" data-widget_type=\"heading.default\">\n\t\t\t\t<div class=\"elementor-widget-container\">\n\t\t\t\t\t<h2 class=\"elementor-heading-title elementor-size-default\">UNA CONVERSACI\u00d3N ENTRE J\u00d3VENES<\/h2>\t\t\t\t<\/div>\n\t\t\t\t<\/div>\n\t\t\t\t<div class=\"elementor-element elementor-element-8ee9f30 elementor-widget elementor-widget-heading\" data-id=\"8ee9f30\" data-element_type=\"widget\" data-e-type=\"widget\" data-widget_type=\"heading.default\">\n\t\t\t\t<div class=\"elementor-widget-container\">\n\t\t\t\t\t<h3 class=\"elementor-heading-title elementor-size-default\">Una campa\u00f1a de comunicaci\u00f3n dise\u00f1ada por j\u00f3venes para j\u00f3venes<\/h3>\t\t\t\t<\/div>\n\t\t\t\t<\/div>\n\t\t\t\t<div class=\"elementor-element elementor-element-1007dd5 elementor-widget elementor-widget-text-editor\" data-id=\"1007dd5\" data-element_type=\"widget\" data-e-type=\"widget\" data-widget_type=\"text-editor.default\">\n\t\t\t\t<div class=\"elementor-widget-container\">\n\t\t\t\t\t\t\t\t\t<p>Desde el Departamento de Igualdad del Ayuntamiento de Donostia &#8211; San Sebasti\u00e1n, buscan conectar con la juventud y transmitirle el sentimiento de lucha contra la violencia machista.\u00a0<\/p><p>Pero \u00bfc\u00f3mo conectar con la gente joven? Dentro del bombardeo medi\u00e1tico de los mass media y redes sociales \u00bfc\u00f3mo llamar la atenci\u00f3n de la juventud? Somos estudiantes, estamos aprendiendo y nuestros recursos son limitados a la hora de plantear esta campa\u00f1a. Tenemos sin envargo alguna ventaja; somos j\u00f3venes,\u00a0 por lo que algo sabemos de conectar con la juventud.<\/p>\t\t\t\t\t\t\t\t<\/div>\n\t\t\t\t<\/div>\n\t\t\t\t\t<\/div>\n\t\t<\/div>\n\t\t\t\t\t<\/div>\n\t\t<\/section>\n\t\t\t\t<section class=\"elementor-section elementor-top-section elementor-element elementor-element-04407a3 elementor-section-full_width elementor-section-height-default elementor-section-height-default\" data-id=\"04407a3\" data-element_type=\"section\" data-e-type=\"section\">\n\t\t\t\t\t\t<div class=\"elementor-container elementor-column-gap-default\">\n\t\t\t\t\t<div class=\"elementor-column elementor-col-100 elementor-top-column elementor-element elementor-element-4843339\" data-id=\"4843339\" data-element_type=\"column\" data-e-type=\"column\">\n\t\t\t<div class=\"elementor-widget-wrap elementor-element-populated\">\n\t\t\t\t\t\t<div class=\"elementor-element elementor-element-fa5d596 elementor-widget elementor-widget-image\" data-id=\"fa5d596\" data-element_type=\"widget\" data-e-type=\"widget\" data-widget_type=\"image.default\">\n\t\t\t\t<div class=\"elementor-widget-container\">\n\t\t\t\t\t\t\t\t\t\t\t\t\t\t\t<img decoding=\"async\" width=\"2500\" height=\"1688\" src=\"https:\/\/www.usandizaga.com\/design\/wp-content\/uploads\/2019\/11\/Banner-Argia_Usandizaga-euskera.jpg\" class=\"attachment-full size-full wp-image-15066\" alt=\"JUZGADA: Banner campa\u00f1a contra la violencia de g\u00e9nero dise\u00f1ada en el Ciclo Formativo Grado Superior Usandizaga Dise\u00f1o\" srcset=\"https:\/\/www.usandizaga.com\/design\/wp-content\/uploads\/2019\/11\/Banner-Argia_Usandizaga-euskera.jpg 2500w, https:\/\/www.usandizaga.com\/design\/wp-content\/uploads\/2019\/11\/Banner-Argia_Usandizaga-euskera-348x235.jpg 348w, https:\/\/www.usandizaga.com\/design\/wp-content\/uploads\/2019\/11\/Banner-Argia_Usandizaga-euskera-768x519.jpg 768w, https:\/\/www.usandizaga.com\/design\/wp-content\/uploads\/2019\/11\/Banner-Argia_Usandizaga-euskera-960x648.jpg 960w\" sizes=\"(max-width: 2500px) 100vw, 2500px\" \/>\t\t\t\t\t\t\t\t\t\t\t\t\t\t\t<\/div>\n\t\t\t\t<\/div>\n\t\t\t\t\t<\/div>\n\t\t<\/div>\n\t\t\t\t\t<\/div>\n\t\t<\/section>\n\t\t\t\t<section class=\"elementor-section elementor-top-section elementor-element elementor-element-6040d8a elementor-section-boxed elementor-section-height-default elementor-section-height-default\" data-id=\"6040d8a\" data-element_type=\"section\" data-e-type=\"section\">\n\t\t\t\t\t\t<div class=\"elementor-container elementor-column-gap-default\">\n\t\t\t\t\t<div class=\"elementor-column elementor-col-100 elementor-top-column elementor-element elementor-element-aea4b11\" data-id=\"aea4b11\" data-element_type=\"column\" data-e-type=\"column\">\n\t\t\t<div class=\"elementor-widget-wrap elementor-element-populated\">\n\t\t\t\t\t\t<div class=\"elementor-element elementor-element-eafb1c4 elementor-widget elementor-widget-heading\" data-id=\"eafb1c4\" data-element_type=\"widget\" data-e-type=\"widget\" data-widget_type=\"heading.default\">\n\t\t\t\t<div class=\"elementor-widget-container\">\n\t\t\t\t\t<h2 class=\"elementor-heading-title elementor-size-default\">\u00bfC\u00f3mo hacer una campa\u00f1a joven contra el machismo?<\/h2>\t\t\t\t<\/div>\n\t\t\t\t<\/div>\n\t\t\t\t<div class=\"elementor-element elementor-element-d02a0b2 elementor-widget elementor-widget-heading\" data-id=\"d02a0b2\" data-element_type=\"widget\" data-e-type=\"widget\" data-widget_type=\"heading.default\">\n\t\t\t\t<div class=\"elementor-widget-container\">\n\t\t\t\t\t<h3 class=\"elementor-heading-title elementor-size-default\">Una campa\u00f1a de comunicaci\u00f3n dise\u00f1ada por j\u00f3venes para j\u00f3venes<\/h3>\t\t\t\t<\/div>\n\t\t\t\t<\/div>\n\t\t\t\t<div class=\"elementor-element elementor-element-7fe2d28 elementor-widget elementor-widget-text-editor\" data-id=\"7fe2d28\" data-element_type=\"widget\" data-e-type=\"widget\" data-widget_type=\"text-editor.default\">\n\t\t\t\t<div class=\"elementor-widget-container\">\n\t\t\t\t\t\t\t\t\t<p>En esta \u00e9poca en el que consumimos im\u00e1genes e instantes a golpe de swip, resulta fundamental mostrar la informaci\u00f3n de manera limpia y clara. <br \/>Planteamos un grfismo basado en las letras, en la tipograf\u00eda, sin im\u00e1genes, sin adornos ni florituras. Un texto rotundo, enorme, contrastado, fucsia y morado&#8230; \u00a1impresionante!<\/p><p>Pero ya sabemos que un grafismo moderno y rompedor no es suficiente para conectar con la juventud.<\/p><p>El \u00e1mbito geogr\u00e1fico en el que se publica la campa\u00f1a es Donostialdea. Nos damos cuenta que la gente joven de Donostia se la puede localizar en lugares muy espec\u00edficos: \u00a1por la ma\u00f1ana estamos en clase! :P<\/p><p>Ya sabemos donde nos centraremos pues con la campa\u00f1a: en Institutos y Universidades. De tal manera que una semana antes se comenzar\u00e1 a pegar los carteles\u00a0 dentro y alrededor de Institutos y Universidades.<\/p>\t\t\t\t\t\t\t\t<\/div>\n\t\t\t\t<\/div>\n\t\t\t\t\t<\/div>\n\t\t<\/div>\n\t\t\t\t\t<\/div>\n\t\t<\/section>\n\t\t\t\t<section class=\"elementor-section elementor-top-section elementor-element elementor-element-baa986b elementor-section-full_width elementor-section-height-default elementor-section-height-default\" data-id=\"baa986b\" data-element_type=\"section\" data-e-type=\"section\">\n\t\t\t\t\t\t<div class=\"elementor-container elementor-column-gap-default\">\n\t\t\t\t\t<div class=\"elementor-column elementor-col-100 elementor-top-column elementor-element elementor-element-0405f14\" data-id=\"0405f14\" data-element_type=\"column\" data-e-type=\"column\">\n\t\t\t<div class=\"elementor-widget-wrap elementor-element-populated\">\n\t\t\t\t\t\t<div class=\"elementor-element elementor-element-b35af41 elementor-widget elementor-widget-image\" data-id=\"b35af41\" data-element_type=\"widget\" data-e-type=\"widget\" data-widget_type=\"image.default\">\n\t\t\t\t<div class=\"elementor-widget-container\">\n\t\t\t\t\t\t\t\t\t\t\t\t\t\t\t<img loading=\"lazy\" decoding=\"async\" width=\"1080\" height=\"720\" src=\"https:\/\/www.usandizaga.com\/design\/wp-content\/uploads\/2019\/11\/Mockup-marquesina.jpg\" class=\"attachment-full size-full wp-image-15072\" alt=\"JUZGADA: Cartel en marquesina campa\u00f1a contra la violencia de g\u00e9nero dise\u00f1ada en el Ciclo Formativo Grado Superior Usandizaga Dise\u00f1o\" srcset=\"https:\/\/www.usandizaga.com\/design\/wp-content\/uploads\/2019\/11\/Mockup-marquesina.jpg 1080w, https:\/\/www.usandizaga.com\/design\/wp-content\/uploads\/2019\/11\/Mockup-marquesina-353x235.jpg 353w, https:\/\/www.usandizaga.com\/design\/wp-content\/uploads\/2019\/11\/Mockup-marquesina-768x512.jpg 768w, https:\/\/www.usandizaga.com\/design\/wp-content\/uploads\/2019\/11\/Mockup-marquesina-960x640.jpg 960w\" sizes=\"(max-width: 1080px) 100vw, 1080px\" \/>\t\t\t\t\t\t\t\t\t\t\t\t\t\t\t<\/div>\n\t\t\t\t<\/div>\n\t\t\t\t\t<\/div>\n\t\t<\/div>\n\t\t\t\t\t<\/div>\n\t\t<\/section>\n\t\t\t\t<section class=\"elementor-section elementor-top-section elementor-element elementor-element-2ae68b7 elementor-section-boxed elementor-section-height-default elementor-section-height-default\" data-id=\"2ae68b7\" data-element_type=\"section\" data-e-type=\"section\">\n\t\t\t\t\t\t<div class=\"elementor-container elementor-column-gap-default\">\n\t\t\t\t\t<div class=\"elementor-column elementor-col-100 elementor-top-column elementor-element elementor-element-9178247\" data-id=\"9178247\" data-element_type=\"column\" data-e-type=\"column\">\n\t\t\t<div class=\"elementor-widget-wrap elementor-element-populated\">\n\t\t\t\t\t\t<div class=\"elementor-element elementor-element-d1c972d elementor-widget elementor-widget-heading\" data-id=\"d1c972d\" data-element_type=\"widget\" data-e-type=\"widget\" data-widget_type=\"heading.default\">\n\t\t\t\t<div class=\"elementor-widget-container\">\n\t\t\t\t\t<h2 class=\"elementor-heading-title elementor-size-default\">FILTROS EN INSTAGRAM STORIES <\/h2>\t\t\t\t<\/div>\n\t\t\t\t<\/div>\n\t\t\t\t<div class=\"elementor-element elementor-element-94b0d3a elementor-widget elementor-widget-heading\" data-id=\"94b0d3a\" data-element_type=\"widget\" data-e-type=\"widget\" data-widget_type=\"heading.default\">\n\t\t\t\t<div class=\"elementor-widget-container\">\n\t\t\t\t\t<h3 class=\"elementor-heading-title elementor-size-default\">Filtros de Instagram para interactuar con la juventud<\/h3>\t\t\t\t<\/div>\n\t\t\t\t<\/div>\n\t\t\t\t<div class=\"elementor-element elementor-element-89c5059 elementor-widget elementor-widget-text-editor\" data-id=\"89c5059\" data-element_type=\"widget\" data-e-type=\"widget\" data-widget_type=\"text-editor.default\">\n\t\t\t\t<div class=\"elementor-widget-container\">\n\t\t\t\t\t\t\t\t\t<p>Debemos de hablar en nuestro lenguaje, movernos en los mismos lugares&#8230; pero acercarnos al Insti o la Uni parece que no ser\u00e1 bastante. Tenemos que utilizar\u00a0 herramientas y tecnolog\u00edas modernetas, mezclarnos en las redes socials para buscar feedback.<\/p><p>\u00bfQu\u00e9 nos mola a la juventud actual? Muchas cosas&#8230; pero una de ellas, es navegar y publicar en Instagram. Decidimos que una de las vertientes de la campa\u00f1a navegar\u00e1 por Instagram.<\/p><p>Osea que vamos a dise\u00f1ar una campa\u00f1a de Instagram. Esto se pone emocionante \u00bfPero eso como se hace? Marcar objetivos medibles,\u00a0 en un tiempo concreto y sobre todo buscar la interacci\u00f3n de la gente.<\/p><p>Pues la <strong>campa\u00f1a de Instagram<\/strong> <strong>para luchar contra la Violencia Machista<\/strong>, se mover\u00e1 por en el Usandizaga. Utilizaremos\u00a0 filtros que se puedan utilizar en las stories de cada perfil. Invitaremos a la gente a crear y participar, a implicarse en la lucha contra la violencia machista.<\/p>\t\t\t\t\t\t\t\t<\/div>\n\t\t\t\t<\/div>\n\t\t\t\t\t<\/div>\n\t\t<\/div>\n\t\t\t\t\t<\/div>\n\t\t<\/section>\n\t\t\t\t<section class=\"elementor-section elementor-top-section elementor-element elementor-element-4f5a17b elementor-section-boxed elementor-section-height-default elementor-section-height-default\" data-id=\"4f5a17b\" data-element_type=\"section\" data-e-type=\"section\">\n\t\t\t\t\t\t<div class=\"elementor-container elementor-column-gap-default\">\n\t\t\t\t\t<div class=\"elementor-column elementor-col-100 elementor-top-column elementor-element elementor-element-d25cb1e\" data-id=\"d25cb1e\" data-element_type=\"column\" data-e-type=\"column\">\n\t\t\t<div class=\"elementor-widget-wrap elementor-element-populated\">\n\t\t\t\t\t\t<div class=\"elementor-element elementor-element-2bf1a96 elementor-widget elementor-widget-image\" data-id=\"2bf1a96\" data-element_type=\"widget\" data-e-type=\"widget\" data-widget_type=\"image.default\">\n\t\t\t\t<div class=\"elementor-widget-container\">\n\t\t\t\t\t\t\t\t\t\t\t\t\t\t\t<img loading=\"lazy\" decoding=\"async\" width=\"404\" height=\"560\" src=\"https:\/\/www.usandizaga.com\/design\/wp-content\/uploads\/2019\/11\/Mock-up-insta-movil.png\" class=\"attachment-large size-large wp-image-15070\" alt=\"JUZGADA: Instagram campa\u00f1a contra la violencia de g\u00e9nero dise\u00f1ada en el Ciclo Formativo Grado Superior Usandizaga Dise\u00f1o\" srcset=\"https:\/\/www.usandizaga.com\/design\/wp-content\/uploads\/2019\/11\/Mock-up-insta-movil.png 404w, https:\/\/www.usandizaga.com\/design\/wp-content\/uploads\/2019\/11\/Mock-up-insta-movil-170x235.png 170w\" sizes=\"(max-width: 404px) 100vw, 404px\" \/>\t\t\t\t\t\t\t\t\t\t\t\t\t\t\t<\/div>\n\t\t\t\t<\/div>\n\t\t\t\t\t<\/div>\n\t\t<\/div>\n\t\t\t\t\t<\/div>\n\t\t<\/section>\n\t\t\t\t<section class=\"elementor-section elementor-top-section elementor-element elementor-element-a315fd4 elementor-section-boxed elementor-section-height-default elementor-section-height-default\" data-id=\"a315fd4\" data-element_type=\"section\" data-e-type=\"section\">\n\t\t\t\t\t\t<div class=\"elementor-container elementor-column-gap-default\">\n\t\t\t\t\t<div class=\"elementor-column elementor-col-100 elementor-top-column elementor-element elementor-element-b9ed1dd\" data-id=\"b9ed1dd\" data-element_type=\"column\" data-e-type=\"column\">\n\t\t\t<div class=\"elementor-widget-wrap elementor-element-populated\">\n\t\t\t\t\t\t<div class=\"elementor-element elementor-element-d5f4ab9 elementor-widget elementor-widget-heading\" data-id=\"d5f4ab9\" data-element_type=\"widget\" data-e-type=\"widget\" data-widget_type=\"heading.default\">\n\t\t\t\t<div class=\"elementor-widget-container\">\n\t\t\t\t\t<h2 class=\"elementor-heading-title elementor-size-default\">FILTROS EN INSTAGRAM STORIES en el USANDIZAGA<\/h2>\t\t\t\t<\/div>\n\t\t\t\t<\/div>\n\t\t\t\t<div class=\"elementor-element elementor-element-fd8cc52 elementor-widget elementor-widget-heading\" data-id=\"fd8cc52\" data-element_type=\"widget\" data-e-type=\"widget\" data-widget_type=\"heading.default\">\n\t\t\t\t<div class=\"elementor-widget-container\">\n\t\t\t\t\t<h3 class=\"elementor-heading-title elementor-size-default\">Filtros de Instagram dise\u00f1ados desde el Usandizaga para el Usandizaga<\/h3>\t\t\t\t<\/div>\n\t\t\t\t<\/div>\n\t\t\t\t<div class=\"elementor-element elementor-element-69cc0e8 elementor-widget elementor-widget-text-editor\" data-id=\"69cc0e8\" data-element_type=\"widget\" data-e-type=\"widget\" data-widget_type=\"text-editor.default\">\n\t\t\t\t<div class=\"elementor-widget-container\">\n\t\t\t\t\t\t\t\t\t<p>Antes ya hemos dicho que en Donostialdea la juventud por las ma\u00f1anas estamos ilustr\u00e1donos en Instis y Facultades de la Uni, pero adivina cual es el Insti con m\u00e1s estudiantes de Gipuzkoa&#8230; \u00a1Usandizaga!<\/p><p>Aqu\u00ed debajo el folleto que repartimos en el Usandizaga a unos 700 estudiantes.<\/p>\t\t\t\t\t\t\t\t<\/div>\n\t\t\t\t<\/div>\n\t\t\t\t\t<\/div>\n\t\t<\/div>\n\t\t\t\t\t<\/div>\n\t\t<\/section>\n\t\t\t\t<section class=\"elementor-section elementor-top-section elementor-element elementor-element-8ee2235 elementor-section-full_width elementor-section-height-default elementor-section-height-default\" data-id=\"8ee2235\" data-element_type=\"section\" data-e-type=\"section\">\n\t\t\t\t\t\t<div class=\"elementor-container elementor-column-gap-default\">\n\t\t\t\t\t<div class=\"elementor-column elementor-col-100 elementor-top-column elementor-element elementor-element-feefe7c\" data-id=\"feefe7c\" data-element_type=\"column\" data-e-type=\"column\">\n\t\t\t<div class=\"elementor-widget-wrap elementor-element-populated\">\n\t\t\t\t\t\t<div class=\"elementor-element elementor-element-9c39a5d elementor-widget elementor-widget-image\" data-id=\"9c39a5d\" data-element_type=\"widget\" data-e-type=\"widget\" data-widget_type=\"image.default\">\n\t\t\t\t<div class=\"elementor-widget-container\">\n\t\t\t\t\t\t\t\t\t\t\t\t\t\t\t<img loading=\"lazy\" decoding=\"async\" width=\"1120\" height=\"737\" src=\"https:\/\/www.usandizaga.com\/design\/wp-content\/uploads\/2019\/11\/Mockup_A4_Brochure_1.jpg\" class=\"attachment-full size-full wp-image-15071\" alt=\"JUZGADA: Folleto campa\u00f1a contra la violencia de g\u00e9nero dise\u00f1ada en el Ciclo Formativo Grado Superior Usandizaga Dise\u00f1o\" srcset=\"https:\/\/www.usandizaga.com\/design\/wp-content\/uploads\/2019\/11\/Mockup_A4_Brochure_1.jpg 1120w, https:\/\/www.usandizaga.com\/design\/wp-content\/uploads\/2019\/11\/Mockup_A4_Brochure_1-275x180.jpg 275w, https:\/\/www.usandizaga.com\/design\/wp-content\/uploads\/2019\/11\/Mockup_A4_Brochure_1-355x235.jpg 355w, https:\/\/www.usandizaga.com\/design\/wp-content\/uploads\/2019\/11\/Mockup_A4_Brochure_1-768x505.jpg 768w, https:\/\/www.usandizaga.com\/design\/wp-content\/uploads\/2019\/11\/Mockup_A4_Brochure_1-960x632.jpg 960w\" sizes=\"(max-width: 1120px) 100vw, 1120px\" \/>\t\t\t\t\t\t\t\t\t\t\t\t\t\t\t<\/div>\n\t\t\t\t<\/div>\n\t\t\t\t\t<\/div>\n\t\t<\/div>\n\t\t\t\t\t<\/div>\n\t\t<\/section>\n\t\t\t\t<section class=\"elementor-section elementor-top-section elementor-element elementor-element-f15e447 elementor-section-boxed elementor-section-height-default elementor-section-height-default\" data-id=\"f15e447\" data-element_type=\"section\" data-e-type=\"section\" data-settings=\"{&quot;background_background&quot;:&quot;classic&quot;}\">\n\t\t\t\t\t\t<div class=\"elementor-container elementor-column-gap-default\">\n\t\t\t\t\t<div class=\"elementor-column elementor-col-100 elementor-top-column elementor-element elementor-element-333066c\" data-id=\"333066c\" data-element_type=\"column\" data-e-type=\"column\">\n\t\t\t<div class=\"elementor-widget-wrap elementor-element-populated\">\n\t\t\t\t\t\t<div class=\"elementor-element elementor-element-4e76755 elementor-widget elementor-widget-image\" data-id=\"4e76755\" data-element_type=\"widget\" data-e-type=\"widget\" data-widget_type=\"image.default\">\n\t\t\t\t<div class=\"elementor-widget-container\">\n\t\t\t\t\t\t\t\t\t\t\t\t\t\t\t<img loading=\"lazy\" decoding=\"async\" width=\"180\" height=\"180\" src=\"https:\/\/www.usandizaga.com\/design\/wp-content\/uploads\/2019\/11\/foto-de-perfil-01.png\" class=\"attachment-full size-full wp-image-15068\" alt=\"JUZGADA: Imagen campa\u00f1a contra la violencia de g\u00e9nero dise\u00f1ada en el Ciclo Formativo Grado Superior Usandizaga Dise\u00f1o\" \/>\t\t\t\t\t\t\t\t\t\t\t\t\t\t\t<\/div>\n\t\t\t\t<\/div>\n\t\t\t\t<div class=\"elementor-element elementor-element-96468eb elementor-widget elementor-widget-text-editor\" data-id=\"96468eb\" data-element_type=\"widget\" data-e-type=\"widget\" data-widget_type=\"text-editor.default\">\n\t\t\t\t<div class=\"elementor-widget-container\">\n\t\t\t\t\t\t\t\t\t<p>\u00bfQuieres luchar contra Ia violencia machista desde tu perfil de lnstagram?<br \/>Somos estudiantes de segundo Curso de Dise\u00f1o Gr\u00e1fico del Instituto Usandizaga.<br \/>Estamos hacienda la campana para 25 de Noviembre: <strong>D\u00eda Internacional Contra la Violencia Machista<\/strong>.<br \/>Creemos que a diario las mujeres somas juzgadas por el simple hecho de ser mujer: <em>por lo que hacemos, c\u00f3mo vestimos, por lo que decimos, a d\u00f3nde vamos, a qu\u00e9 horas, con quien &#8230;<\/em><br \/>Para denunciar este juicio social, hemos creado una campa\u00f1a en Instagram.<\/p><p>Puedes colaborar en 3 pasos:<\/p><ul><li><strong>Prueba los filtros @usandesigners<\/strong><\/li><li><strong>Sube un Storie de Instagram utilizando esos filtros<\/strong><\/li><li><strong>utiliza los hashtags #epaitua #juzgada<\/strong><\/li><\/ul>\t\t\t\t\t\t\t\t<\/div>\n\t\t\t\t<\/div>\n\t\t\t\t\t<\/div>\n\t\t<\/div>\n\t\t\t\t\t<\/div>\n\t\t<\/section>\n\t\t\t\t<section class=\"elementor-section elementor-top-section elementor-element elementor-element-c629a93 elementor-section-boxed elementor-section-height-default elementor-section-height-default\" data-id=\"c629a93\" data-element_type=\"section\" data-e-type=\"section\">\n\t\t\t\t\t\t<div class=\"elementor-container elementor-column-gap-default\">\n\t\t\t\t\t<div class=\"elementor-column elementor-col-100 elementor-top-column elementor-element elementor-element-5e30baa\" data-id=\"5e30baa\" data-element_type=\"column\" data-e-type=\"column\">\n\t\t\t<div class=\"elementor-widget-wrap elementor-element-populated\">\n\t\t\t\t\t\t<div class=\"elementor-element elementor-element-1572051 elementor-widget elementor-widget-heading\" data-id=\"1572051\" data-element_type=\"widget\" data-e-type=\"widget\" data-widget_type=\"heading.default\">\n\t\t\t\t<div class=\"elementor-widget-container\">\n\t\t\t\t\t<h2 class=\"elementor-heading-title elementor-size-default\">RUEDA DE PRENSA EN EL AYUNTAMIENTO DE DONOSTIA<\/h2>\t\t\t\t<\/div>\n\t\t\t\t<\/div>\n\t\t\t\t<div class=\"elementor-element elementor-element-89c1a18 elementor-widget elementor-widget-heading\" data-id=\"89c1a18\" data-element_type=\"widget\" data-e-type=\"widget\" data-widget_type=\"heading.default\">\n\t\t\t\t<div class=\"elementor-widget-container\">\n\t\t\t\t\t<h3 class=\"elementor-heading-title elementor-size-default\">Realizamos una acci\u00f3n durante la rueda de prensa que presentaba la campa\u00f1a contra la Violencia Machista<\/h3>\t\t\t\t<\/div>\n\t\t\t\t<\/div>\n\t\t\t\t<div class=\"elementor-element elementor-element-ffdac6c elementor-widget elementor-widget-text-editor\" data-id=\"ffdac6c\" data-element_type=\"widget\" data-e-type=\"widget\" data-widget_type=\"text-editor.default\">\n\t\t\t\t<div class=\"elementor-widget-container\">\n\t\t\t\t\t\t\t\t\t<p>Ya ten\u00edamos organizada la campa\u00f1a gr\u00e1fica, los cartele a punto de pegar por todo San Sebasti\u00e1n, los filtros de instagram listos pra ser utilizado el propio d\u00eda 25N. pero quer\u00edamos llegar m\u00e1s lejos y vimos la necesidad de conectar con los medios de comunicaci\u00f3n. Que sean los alavoces del mensaje, el eco de la campa\u00f1a, el amplificador de esta lucha.<\/p><p>Pero \u00bfc\u00f3mo llamar la atenci\u00f3n medi\u00e1tica en esta \u00e9poca tan sobreinformada, tan saturada de eventos y reivindicaciones? Tenemos que hacer algo sorprendente y llamativo. \u00a1Ya lo tnemos! Vamos a protagonizar una acci\u00f3n en el ayuntamiento durante la rueda de prensa que presenta la campa\u00f1a de comunicaci\u00f3n del 25N D\u00eda Internacional Contra la Violencia Machista.<\/p><p>Primeramente dos estudiantes leeran el comunicado planteado en clase para reforzar la idea de campa\u00f1a.<\/p>\t\t\t\t\t\t\t\t<\/div>\n\t\t\t\t<\/div>\n\t\t\t\t\t<\/div>\n\t\t<\/div>\n\t\t\t\t\t<\/div>\n\t\t<\/section>\n\t\t\t\t<section class=\"elementor-section elementor-top-section elementor-element elementor-element-d23337d elementor-section-boxed elementor-section-height-default elementor-section-height-default\" data-id=\"d23337d\" data-element_type=\"section\" data-e-type=\"section\">\n\t\t\t\t\t\t<div class=\"elementor-container elementor-column-gap-default\">\n\t\t\t\t\t<div class=\"elementor-column elementor-col-100 elementor-top-column elementor-element elementor-element-31b4240\" data-id=\"31b4240\" data-element_type=\"column\" data-e-type=\"column\">\n\t\t\t<div class=\"elementor-widget-wrap elementor-element-populated\">\n\t\t\t\t\t\t<div class=\"elementor-element elementor-element-e6b1480 elementor-widget elementor-widget-image\" data-id=\"e6b1480\" data-element_type=\"widget\" data-e-type=\"widget\" data-widget_type=\"image.default\">\n\t\t\t\t<div class=\"elementor-widget-container\">\n\t\t\t\t\t\t\t\t\t\t\t\t\t\t\t<img loading=\"lazy\" decoding=\"async\" width=\"960\" height=\"640\" src=\"https:\/\/www.usandizaga.com\/design\/wp-content\/uploads\/2019\/11\/ARZ0092-OPTIM-1-960x640.jpg\" class=\"attachment-large size-large wp-image-15097\" alt=\"JUZGADA: Rueda de prensa de la campa\u00f1a contra la violencia de g\u00e9nero dise\u00f1ada en el Ciclo Formativo Grado Superior Usandizaga Dise\u00f1o\" srcset=\"https:\/\/www.usandizaga.com\/design\/wp-content\/uploads\/2019\/11\/ARZ0092-OPTIM-1-960x640.jpg 960w, https:\/\/www.usandizaga.com\/design\/wp-content\/uploads\/2019\/11\/ARZ0092-OPTIM-1-352x235.jpg 352w, https:\/\/www.usandizaga.com\/design\/wp-content\/uploads\/2019\/11\/ARZ0092-OPTIM-1-768x512.jpg 768w, https:\/\/www.usandizaga.com\/design\/wp-content\/uploads\/2019\/11\/ARZ0092-OPTIM-1.jpg 1240w\" sizes=\"(max-width: 960px) 100vw, 960px\" \/>\t\t\t\t\t\t\t\t\t\t\t\t\t\t\t<\/div>\n\t\t\t\t<\/div>\n\t\t\t\t\t<\/div>\n\t\t<\/div>\n\t\t\t\t\t<\/div>\n\t\t<\/section>\n\t\t\t\t<section class=\"elementor-section elementor-top-section elementor-element elementor-element-30195f5 elementor-section-boxed elementor-section-height-default elementor-section-height-default\" data-id=\"30195f5\" data-element_type=\"section\" data-e-type=\"section\">\n\t\t\t\t\t\t<div class=\"elementor-container elementor-column-gap-default\">\n\t\t\t\t\t<div class=\"elementor-column elementor-col-100 elementor-top-column elementor-element elementor-element-56316ef\" data-id=\"56316ef\" data-element_type=\"column\" data-e-type=\"column\">\n\t\t\t<div class=\"elementor-widget-wrap elementor-element-populated\">\n\t\t\t\t\t\t<div class=\"elementor-element elementor-element-e329efc elementor-widget elementor-widget-text-editor\" data-id=\"e329efc\" data-element_type=\"widget\" data-e-type=\"widget\" data-widget_type=\"text-editor.default\">\n\t\t\t\t<div class=\"elementor-widget-container\">\n\t\t\t\t\t\t\t\t\t<p>Seguidamente, una estudiante se coloca en el centro y el resto le va poniendo pegatinas con frases en las que se identifica distintas situaciones en las que la mujer es juzgada a diario.<\/p><p>Ser\u00e1 un flasmob en el que se refuerze la idea que venimos trabajando durante la campa\u00f1a: EPAITUA &#8211; JUZGADA.<\/p>\t\t\t\t\t\t\t\t<\/div>\n\t\t\t\t<\/div>\n\t\t\t\t\t<\/div>\n\t\t<\/div>\n\t\t\t\t\t<\/div>\n\t\t<\/section>\n\t\t\t\t<section class=\"elementor-section elementor-top-section elementor-element elementor-element-9ce2fe9 elementor-section-boxed elementor-section-height-default elementor-section-height-default\" data-id=\"9ce2fe9\" data-element_type=\"section\" data-e-type=\"section\">\n\t\t\t\t\t\t<div class=\"elementor-container elementor-column-gap-default\">\n\t\t\t\t\t<div class=\"elementor-column elementor-col-100 elementor-top-column elementor-element elementor-element-d54a425\" data-id=\"d54a425\" data-element_type=\"column\" data-e-type=\"column\">\n\t\t\t<div class=\"elementor-widget-wrap elementor-element-populated\">\n\t\t\t\t\t\t<div class=\"elementor-element elementor-element-cc2b0f7 elementor-widget elementor-widget-image\" data-id=\"cc2b0f7\" data-element_type=\"widget\" data-e-type=\"widget\" data-widget_type=\"image.default\">\n\t\t\t\t<div class=\"elementor-widget-container\">\n\t\t\t\t\t\t\t\t\t\t\t\t\t\t\t<img loading=\"lazy\" decoding=\"async\" width=\"960\" height=\"686\" src=\"https:\/\/www.usandizaga.com\/design\/wp-content\/uploads\/2019\/11\/ARZ0090-copia-optim-960x686.jpg\" class=\"attachment-large size-large wp-image-15093\" alt=\"JUZGADA: Flashmob durante rueda de prensa de la campa\u00f1a contra la violencia de g\u00e9nero dise\u00f1ada en el Ciclo Formativo Grado Superior Usandizaga Dise\u00f1o\" srcset=\"https:\/\/www.usandizaga.com\/design\/wp-content\/uploads\/2019\/11\/ARZ0090-copia-optim-960x686.jpg 960w, https:\/\/www.usandizaga.com\/design\/wp-content\/uploads\/2019\/11\/ARZ0090-copia-optim-329x235.jpg 329w, https:\/\/www.usandizaga.com\/design\/wp-content\/uploads\/2019\/11\/ARZ0090-copia-optim-768x549.jpg 768w, https:\/\/www.usandizaga.com\/design\/wp-content\/uploads\/2019\/11\/ARZ0090-copia-optim.jpg 1120w\" sizes=\"(max-width: 960px) 100vw, 960px\" \/>\t\t\t\t\t\t\t\t\t\t\t\t\t\t\t<\/div>\n\t\t\t\t<\/div>\n\t\t\t\t\t<\/div>\n\t\t<\/div>\n\t\t\t\t\t<\/div>\n\t\t<\/section>\n\t\t\t\t<section class=\"elementor-section elementor-top-section elementor-element elementor-element-381bab9 elementor-section-full_width elementor-section-height-min-height elementor-section-height-default elementor-section-items-middle\" data-id=\"381bab9\" data-element_type=\"section\" data-e-type=\"section\" data-settings=\"{&quot;background_background&quot;:&quot;classic&quot;}\">\n\t\t\t\t\t\t<div class=\"elementor-container elementor-column-gap-no\">\n\t\t\t\t\t<div class=\"elementor-column elementor-col-100 elementor-top-column elementor-element elementor-element-34bab29\" data-id=\"34bab29\" data-element_type=\"column\" data-e-type=\"column\">\n\t\t\t<div class=\"elementor-widget-wrap\">\n\t\t\t\t\t\t\t<\/div>\n\t\t<\/div>\n\t\t\t\t\t<\/div>\n\t\t<\/section>\n\t\t\t\t<section class=\"elementor-section elementor-top-section elementor-element elementor-element-8a33815 elementor-section-boxed elementor-section-height-default elementor-section-height-default\" data-id=\"8a33815\" data-element_type=\"section\" data-e-type=\"section\">\n\t\t\t\t\t\t<div class=\"elementor-container elementor-column-gap-default\">\n\t\t\t\t\t<div class=\"elementor-column elementor-col-100 elementor-top-column elementor-element elementor-element-e7e3276\" data-id=\"e7e3276\" data-element_type=\"column\" data-e-type=\"column\">\n\t\t\t<div class=\"elementor-widget-wrap elementor-element-populated\">\n\t\t\t\t\t\t<div class=\"elementor-element elementor-element-ea97cd0 elementor-widget elementor-widget-heading\" data-id=\"ea97cd0\" data-element_type=\"widget\" data-e-type=\"widget\" data-widget_type=\"heading.default\">\n\t\t\t\t<div class=\"elementor-widget-container\">\n\t\t\t\t\t<h2 class=\"elementor-heading-title elementor-size-default\">FOTOGRAF\u00cdAS DE LA CAMPA\u00d1A<\/h2>\t\t\t\t<\/div>\n\t\t\t\t<\/div>\n\t\t\t\t<div class=\"elementor-element elementor-element-5428b8b elementor-widget elementor-widget-heading\" data-id=\"5428b8b\" data-element_type=\"widget\" data-e-type=\"widget\" data-widget_type=\"heading.default\">\n\t\t\t\t<div class=\"elementor-widget-container\">\n\t\t\t\t\t<h3 class=\"elementor-heading-title elementor-size-default\">Galer\u00eda fotogr\u00e1fica que recoge im\u00e1genes de la campa\u00f1a<\/h3>\t\t\t\t<\/div>\n\t\t\t\t<\/div>\n\t\t\t\t<div class=\"elementor-element elementor-element-4460c9f elementor-widget elementor-widget-text-editor\" data-id=\"4460c9f\" data-element_type=\"widget\" data-e-type=\"widget\" data-widget_type=\"text-editor.default\">\n\t\t\t\t<div class=\"elementor-widget-container\">\n\t\t\t\t\t\t\t\t\t<p>Aqu\u00ed os dejamos algunas instant\u00e1neas que muestran lo emocionante que ha sido poder aportar nuestra energ\u00eda en esta causa.\u00a0<\/p>\t\t\t\t\t\t\t\t<\/div>\n\t\t\t\t<\/div>\n\t\t\t\t\t<\/div>\n\t\t<\/div>\n\t\t\t\t\t<\/div>\n\t\t<\/section>\n\t\t\t\t<section class=\"elementor-section elementor-top-section elementor-element elementor-element-ecbbca8 elementor-section-boxed elementor-section-height-default elementor-section-height-default\" data-id=\"ecbbca8\" data-element_type=\"section\" data-e-type=\"section\">\n\t\t\t\t\t\t<div class=\"elementor-container elementor-column-gap-default\">\n\t\t\t\t\t<div class=\"elementor-column elementor-col-100 elementor-top-column elementor-element elementor-element-f709971\" data-id=\"f709971\" data-element_type=\"column\" data-e-type=\"column\">\n\t\t\t<div class=\"elementor-widget-wrap elementor-element-populated\">\n\t\t\t\t\t\t<div class=\"elementor-element elementor-element-94a27a6 elementor-widget elementor-widget-html\" data-id=\"94a27a6\" data-element_type=\"widget\" data-e-type=\"widget\" data-widget_type=\"html.default\">\n\t\t\t\t<div class=\"elementor-widget-container\">\n\t\t\t\t\t[cws_gpp_images_by_albumid_gp id='AAWnrkgfRvNqdQXvJ0hZ0ucFm695np7DoTM62aoWvEAw9zeAEkspHsdcORB9aD4hSmQ_ZEcoRzk-' thumb_size=250 theme=projig row_height=200 show_title=0 show_details=0]\t\t\t\t<\/div>\n\t\t\t\t<\/div>\n\t\t\t\t\t<\/div>\n\t\t<\/div>\n\t\t\t\t\t<\/div>\n\t\t<\/section>\n\t\t\t\t<\/div>\n\t\t","protected":false},"excerpt":{"rendered":"<p>Campa\u00f1a de comunicaci\u00f3n en colaboraci\u00f3n con el Departamento de Igualdad del Ayuntamiento de Donostia Queremos poner el acento sobre el juicio,\u00a0 acoso social y desprotecci\u00f3n que sufren las mujeres en &#8230; <a title=\"A25N D\u00cdA INTERNACIONAL CONTRA LA VIOLENCIA MACHISTA: JUZGADA\" class=\"read-more\" href=\"https:\/\/www.usandizaga.com\/design\/a25n-dia-internacional-contra-la-violencia-machista-juzgada\/\" aria-label=\"Leer m\u00e1s sobre A25N D\u00cdA INTERNACIONAL CONTRA LA VIOLENCIA MACHISTA: JUZGADA\">+info<\/a><\/p>\n","protected":false},"author":1,"featured_media":15100,"comment_status":"closed","ping_status":"closed","sticky":false,"template":"","format":"standard","meta":{"generate_page_header":"","footnotes":""},"categories":[5,13],"tags":[210,220,440],"class_list":["post-15060","post","type-post","status-publish","format-standard","has-post-thumbnail","hentry","category-proyectos-de-diseno-grafico","category-diseno-grafico-social","tag-25n","tag-diseno_social","tag-violencia-de-genero","generate-columns","tablet-grid-50","mobile-grid-100","grid-parent","grid-33"],"lang":"es","translations":{"es":15060},"pll_sync_post":[],"_links":{"self":[{"href":"https:\/\/www.usandizaga.com\/design\/wp-json\/wp\/v2\/posts\/15060","targetHints":{"allow":["GET"]}}],"collection":[{"href":"https:\/\/www.usandizaga.com\/design\/wp-json\/wp\/v2\/posts"}],"about":[{"href":"https:\/\/www.usandizaga.com\/design\/wp-json\/wp\/v2\/types\/post"}],"author":[{"embeddable":true,"href":"https:\/\/www.usandizaga.com\/design\/wp-json\/wp\/v2\/users\/1"}],"replies":[{"embeddable":true,"href":"https:\/\/www.usandizaga.com\/design\/wp-json\/wp\/v2\/comments?post=15060"}],"version-history":[{"count":0,"href":"https:\/\/www.usandizaga.com\/design\/wp-json\/wp\/v2\/posts\/15060\/revisions"}],"wp:featuredmedia":[{"embeddable":true,"href":"https:\/\/www.usandizaga.com\/design\/wp-json\/wp\/v2\/media\/15100"}],"wp:attachment":[{"href":"https:\/\/www.usandizaga.com\/design\/wp-json\/wp\/v2\/media?parent=15060"}],"wp:term":[{"taxonomy":"category","embeddable":true,"href":"https:\/\/www.usandizaga.com\/design\/wp-json\/wp\/v2\/categories?post=15060"},{"taxonomy":"post_tag","embeddable":true,"href":"https:\/\/www.usandizaga.com\/design\/wp-json\/wp\/v2\/tags?post=15060"}],"curies":[{"name":"wp","href":"https:\/\/api.w.org\/{rel}","templated":true}]}}