{"id":15949,"date":"2020-03-21T14:22:13","date_gmt":"2020-03-21T13:22:13","guid":{"rendered":"https:\/\/www.usandizaga.com\/design\/?p=15949"},"modified":"2020-05-23T09:25:15","modified_gmt":"2020-05-23T07:25:15","slug":"diseno-de-campana-contra-el-racismo-tu-papel-es-importante","status":"publish","type":"post","link":"https:\/\/www.usandizaga.com\/design\/diseno-de-campana-contra-el-racismo-tu-papel-es-importante\/","title":{"rendered":"DISE\u00d1O DE CAMPA\u00d1A CONTRA EL RACISMO:  TU PAPEL ES IMPORTANTE"},"content":{"rendered":"\t\t<div data-elementor-type=\"wp-post\" data-elementor-id=\"15949\" class=\"elementor elementor-15949\" data-elementor-post-type=\"post\">\n\t\t\t\t\t\t<section class=\"elementor-section elementor-top-section elementor-element elementor-element-63fc285 elementor-section-full_width elementor-section-height-min-height elementor-section-height-default elementor-section-items-middle\" data-id=\"63fc285\" data-element_type=\"section\" data-e-type=\"section\" data-settings=\"{&quot;background_background&quot;:&quot;classic&quot;}\">\n\t\t\t\t\t\t<div class=\"elementor-container elementor-column-gap-default\">\n\t\t\t\t\t<div class=\"elementor-column elementor-col-100 elementor-top-column elementor-element elementor-element-cfc6e43\" data-id=\"cfc6e43\" data-element_type=\"column\" data-e-type=\"column\">\n\t\t\t<div class=\"elementor-widget-wrap\">\n\t\t\t\t\t\t\t<\/div>\n\t\t<\/div>\n\t\t\t\t\t<\/div>\n\t\t<\/section>\n\t\t\t\t<section class=\"elementor-section elementor-top-section elementor-element elementor-element-27daccaa elementor-section-content-middle elementor-section-boxed elementor-section-height-default elementor-section-height-default\" data-id=\"27daccaa\" data-element_type=\"section\" data-e-type=\"section\">\n\t\t\t\t\t\t<div class=\"elementor-container elementor-column-gap-no\">\n\t\t\t\t\t<div class=\"elementor-column elementor-col-100 elementor-top-column elementor-element elementor-element-3645b0e\" data-id=\"3645b0e\" data-element_type=\"column\" data-e-type=\"column\">\n\t\t\t<div class=\"elementor-widget-wrap elementor-element-populated\">\n\t\t\t\t\t\t<div class=\"elementor-element elementor-element-590d0134 elementor-widget elementor-widget-theme-post-title elementor-page-title elementor-widget-heading\" data-id=\"590d0134\" data-element_type=\"widget\" data-e-type=\"widget\" data-widget_type=\"theme-post-title.default\">\n\t\t\t\t<div class=\"elementor-widget-container\">\n\t\t\t\t\t<h1 class=\"elementor-heading-title elementor-size-default\">DISE\u00d1O DE CAMPA\u00d1A CONTRA EL RACISMO:  TU PAPEL ES IMPORTANTE<\/h1>\t\t\t\t<\/div>\n\t\t\t\t<\/div>\n\t\t\t\t<div class=\"elementor-element elementor-element-62a71dc2 elementor-widget elementor-widget-heading\" data-id=\"62a71dc2\" data-element_type=\"widget\" data-e-type=\"widget\" data-widget_type=\"heading.default\">\n\t\t\t\t<div class=\"elementor-widget-container\">\n\t\t\t\t\t<h2 class=\"elementor-heading-title elementor-size-default\">#SINPAPELES #PAPERGABE<\/h2>\t\t\t\t<\/div>\n\t\t\t\t<\/div>\n\t\t\t\t<div class=\"elementor-element elementor-element-f4d2b46 elementor-widget elementor-widget-text-editor\" data-id=\"f4d2b46\" data-element_type=\"widget\" data-e-type=\"widget\" data-widget_type=\"text-editor.default\">\n\t\t\t\t<div class=\"elementor-widget-container\">\n\t\t\t\t\t\t\t\t\t<p>Desde el a\u00f1o 2010 en el Ciclo de Grado Superior de Dise\u00f1o de Usandizaga desarrollamos en este proyecto de comunicaci\u00f3n y dise\u00f1o de la imagen de la Martxa contra el Racismo y la Xenofobia organizada por SOS Arrazakeria Gipuzkoa, Medicus Mundi y la Coordinadora de ONGD de Euskadi.<\/p><p>Es un proyecto grupal realizado en primer curso de Gr\u00e1fica Publicitaria, en colaboraci\u00f3n con las Asociaciones y con otras personas que comparten de primera mano sus experiencias para que podamos construir desde ah\u00ed el mensaje.<\/p><p>Este a\u00f1o, desde la Asociaciones, <span style=\"font-weight: 400;\">se ha visto necesario<\/span> poner el foco en los obst\u00e1culos cotidianos, la soledad y el miedo generalizado que viven las personas migrantes que se encuentran en situaci\u00f3n irregular.<\/p>\t\t\t\t\t\t\t\t<\/div>\n\t\t\t\t<\/div>\n\t\t\t\t\t<\/div>\n\t\t<\/div>\n\t\t\t\t\t<\/div>\n\t\t<\/section>\n\t\t\t\t<section class=\"elementor-section elementor-top-section elementor-element elementor-element-57f205e elementor-section-boxed elementor-section-height-default elementor-section-height-default\" data-id=\"57f205e\" data-element_type=\"section\" data-e-type=\"section\">\n\t\t\t\t\t\t<div class=\"elementor-container elementor-column-gap-default\">\n\t\t\t\t\t<div class=\"elementor-column elementor-col-100 elementor-top-column elementor-element elementor-element-b61b486\" data-id=\"b61b486\" data-element_type=\"column\" data-e-type=\"column\">\n\t\t\t<div class=\"elementor-widget-wrap elementor-element-populated\">\n\t\t\t\t\t\t<div class=\"elementor-element elementor-element-7731752 elementor-widget elementor-widget-image\" data-id=\"7731752\" data-element_type=\"widget\" data-e-type=\"widget\" data-widget_type=\"image.default\">\n\t\t\t\t<div class=\"elementor-widget-container\">\n\t\t\t\t\t\t\t\t\t\t\t\t\t\t\t<img fetchpriority=\"high\" decoding=\"async\" width=\"960\" height=\"303\" src=\"https:\/\/www.usandizaga.com\/design\/wp-content\/uploads\/2020\/03\/MARTXA-2020-ZURE-PAPERA-data-gabe2-960x303.png\" class=\"attachment-large size-large wp-image-15952\" alt=\"imagen principal de la martxa y eslogan\" srcset=\"https:\/\/www.usandizaga.com\/design\/wp-content\/uploads\/2020\/03\/MARTXA-2020-ZURE-PAPERA-data-gabe2-960x303.png 960w, https:\/\/www.usandizaga.com\/design\/wp-content\/uploads\/2020\/03\/MARTXA-2020-ZURE-PAPERA-data-gabe2-355x112.png 355w, https:\/\/www.usandizaga.com\/design\/wp-content\/uploads\/2020\/03\/MARTXA-2020-ZURE-PAPERA-data-gabe2-768x243.png 768w, https:\/\/www.usandizaga.com\/design\/wp-content\/uploads\/2020\/03\/MARTXA-2020-ZURE-PAPERA-data-gabe2.png 1241w\" sizes=\"(max-width: 960px) 100vw, 960px\" \/>\t\t\t\t\t\t\t\t\t\t\t\t\t\t\t<\/div>\n\t\t\t\t<\/div>\n\t\t\t\t\t<\/div>\n\t\t<\/div>\n\t\t\t\t\t<\/div>\n\t\t<\/section>\n\t\t\t\t<section class=\"elementor-section elementor-top-section elementor-element elementor-element-625314c8 elementor-section-boxed elementor-section-height-default elementor-section-height-default\" data-id=\"625314c8\" data-element_type=\"section\" data-e-type=\"section\">\n\t\t\t\t\t\t<div class=\"elementor-container elementor-column-gap-default\">\n\t\t\t\t\t<div class=\"elementor-column elementor-col-100 elementor-top-column elementor-element elementor-element-4c054def\" data-id=\"4c054def\" data-element_type=\"column\" data-e-type=\"column\">\n\t\t\t<div class=\"elementor-widget-wrap elementor-element-populated\">\n\t\t\t\t\t\t<div class=\"elementor-element elementor-element-452e95c4 elementor-widget elementor-widget-text-editor\" data-id=\"452e95c4\" data-element_type=\"widget\" data-e-type=\"widget\" data-widget_type=\"text-editor.default\">\n\t\t\t\t<div class=\"elementor-widget-container\">\n\t\t\t\t\t\t\t\t\t<h3><strong>Proceso creativo<\/strong><\/h3><p>Primeramente, se lleva a cabo una investigaci\u00f3n sobre el tema en clase, revisar art\u00edculos de prensa, legislaci\u00f3n, otras campa\u00f1as, experiencias etc.\u00a0 Despu\u00e9s, llevamos a cabo una fase creativa en grupos, lanzando todas las ideas que se nos ocurran y haciendo un listado de recursos que pudieran crear una buena met\u00e1fora vinculada al tema. Cada estudiante desarroll\u00f3 una propuesta e hicimos una puesta en com\u00fan junto a las asociaciones, de la que se fijaron el eje creativo y las bases para la campa\u00f1a.<\/p><p>Pareci\u00f3 buena idea crear una campa\u00f1a que se basara en compartir las vivencias de cada una e invitar a pensar <strong>qu\u00e9 puede hacer cada una de nosotras para favorecer los derechos humanos de todas las personas<\/strong>, c\u00f3mo se puede mostrar la aportaci\u00f3n de estas personas que ayudan a construir una sociedad mejor entre todas.\u00a0\u00a0<\/p><p>A partir de ah\u00ed repartimos las tareas a modo de una agencia de comunicaci\u00f3n y coordin\u00e1ndonos en peque\u00f1os grupos hemos desarrollado toda la campa\u00f1a: Dise\u00f1o imagen principal, Dise\u00f1o cartel, Redacci\u00f3n Contenidos, Redes Sociales, Estrategia Comunicaci\u00f3n y\u00a0 Martxa. se lleva a cabo<\/p>\t\t\t\t\t\t\t\t<\/div>\n\t\t\t\t<\/div>\n\t\t\t\t<div class=\"elementor-element elementor-element-7fa20913 elementor-widget elementor-widget-image\" data-id=\"7fa20913\" data-element_type=\"widget\" data-e-type=\"widget\" data-widget_type=\"image.default\">\n\t\t\t\t<div class=\"elementor-widget-container\">\n\t\t\t\t\t\t\t\t\t\t\t\t\t\t\t<img decoding=\"async\" width=\"960\" height=\"638\" src=\"https:\/\/www.usandizaga.com\/design\/wp-content\/uploads\/2020\/03\/ESTUDIANTES-DISE\u00d1O-USANDIZAGAargi-MARTXA-CONTRA-RACISMO-960x638.jpg\" class=\"attachment-large size-large wp-image-15965\" alt=\"foto de equipo de estudiantes usandizaga con imagen de martxa\" srcset=\"https:\/\/www.usandizaga.com\/design\/wp-content\/uploads\/2020\/03\/ESTUDIANTES-DISE\u00d1O-USANDIZAGAargi-MARTXA-CONTRA-RACISMO-960x638.jpg 960w, https:\/\/www.usandizaga.com\/design\/wp-content\/uploads\/2020\/03\/ESTUDIANTES-DISE\u00d1O-USANDIZAGAargi-MARTXA-CONTRA-RACISMO-355x235.jpg 355w, https:\/\/www.usandizaga.com\/design\/wp-content\/uploads\/2020\/03\/ESTUDIANTES-DISE\u00d1O-USANDIZAGAargi-MARTXA-CONTRA-RACISMO-768x510.jpg 768w, https:\/\/www.usandizaga.com\/design\/wp-content\/uploads\/2020\/03\/ESTUDIANTES-DISE\u00d1O-USANDIZAGAargi-MARTXA-CONTRA-RACISMO-1536x1020.jpg 1536w, https:\/\/www.usandizaga.com\/design\/wp-content\/uploads\/2020\/03\/ESTUDIANTES-DISE\u00d1O-USANDIZAGAargi-MARTXA-CONTRA-RACISMO-2048x1360.jpg 2048w\" sizes=\"(max-width: 960px) 100vw, 960px\" \/>\t\t\t\t\t\t\t\t\t\t\t\t\t\t\t<\/div>\n\t\t\t\t<\/div>\n\t\t\t\t\t<\/div>\n\t\t<\/div>\n\t\t\t\t\t<\/div>\n\t\t<\/section>\n\t\t\t\t<section class=\"elementor-section elementor-top-section elementor-element elementor-element-1a75e02c elementor-section-boxed elementor-section-height-default elementor-section-height-default\" data-id=\"1a75e02c\" data-element_type=\"section\" data-e-type=\"section\">\n\t\t\t\t\t\t<div class=\"elementor-container elementor-column-gap-default\">\n\t\t\t\t\t<div class=\"elementor-column elementor-col-100 elementor-top-column elementor-element elementor-element-6b9e9e53\" data-id=\"6b9e9e53\" data-element_type=\"column\" data-e-type=\"column\">\n\t\t\t<div class=\"elementor-widget-wrap elementor-element-populated\">\n\t\t\t\t\t\t<div class=\"elementor-element elementor-element-67956c79 elementor-widget elementor-widget-text-editor\" data-id=\"67956c79\" data-element_type=\"widget\" data-e-type=\"widget\" data-widget_type=\"text-editor.default\">\n\t\t\t\t<div class=\"elementor-widget-container\">\n\t\t\t\t\t\t\t\t\t<h3><strong>post its que desean positivar la situaci\u00f3n<\/strong><\/h3><p>El alumno Julen Arranz comenta que en grupo <em>\u201cTrabajamos en torno a la idea del Post-it -como recuerdo de una tarea pendiente que tiene nuestra sociedad-, bajo el lema \u201cTu papel es importante\u201d, para darle ese punto de vista positivo y de cooperaci\u00f3n a la campa\u00f1a\u201d<\/em>.<\/p><p>Resume la propuesta en las siguientes l\u00edneas: <em>\u00abEn primer lugar se quiere visibilizar esta situaci\u00f3n, de ah\u00ed a que pongamos peque\u00f1as historias o situaciones en Pos-it, queremos que esto se sepa, por desgracia es algo normal, pero mayormente queda oculto en nuestra sociedad. En segundo lugar remarcar el papel de cada uno\/a, alentando a la colaboraci\u00f3n de cada uno\/a por ayudar a las personas en situaci\u00f3n \u00absinpapeles\u00bb, es algo en lo que todos\/as podemos tomar parte\u00bb.<\/em><\/p><p>Durante el proceso, hicimos varias reuniones con personas j\u00f3venes en situaci\u00f3n irregular o que han conocido la situaci\u00f3n de primera mano, para que fuera <strong>una campa\u00f1a en co-creaci\u00f3n.<\/strong><\/p><p>Realizamos un par de encuentros, uno en el Usandizaga y otro en Cristina Enea. El alumno Markel Blanco recuerda <em>\u201cDecidimos juntarnos unas 21 personas en Cristina Enea para hacer un pic-nic donde conocernos y compartir vivencias. Fue muy nutritivo no solo para la campa\u00f1a sino para entender mejor las situaciones tan complicadas por las que tienen que pasar algunas personas\u201d<\/em>.<\/p>\t\t\t\t\t\t\t\t<\/div>\n\t\t\t\t<\/div>\n\t\t\t\t<div class=\"elementor-element elementor-element-32953d2f elementor-widget elementor-widget-image\" data-id=\"32953d2f\" data-element_type=\"widget\" data-e-type=\"widget\" data-widget_type=\"image.default\">\n\t\t\t\t<div class=\"elementor-widget-container\">\n\t\t\t\t\t\t\t\t\t\t\t\t\t\t\t<img decoding=\"async\" width=\"960\" height=\"720\" src=\"https:\/\/www.usandizaga.com\/design\/wp-content\/uploads\/2020\/03\/pic-nic-Cristina-Enean-elkar-ezagutzen-2020-02-20-960x720.jpg\" class=\"attachment-large size-large wp-image-15954\" alt=\"Fotograf\u00eda del pic nic en Cristina Enea encuentro de j\u00f3venes para conocerse y conocer las diferentes situaciones\" srcset=\"https:\/\/www.usandizaga.com\/design\/wp-content\/uploads\/2020\/03\/pic-nic-Cristina-Enean-elkar-ezagutzen-2020-02-20-960x720.jpg 960w, https:\/\/www.usandizaga.com\/design\/wp-content\/uploads\/2020\/03\/pic-nic-Cristina-Enean-elkar-ezagutzen-2020-02-20-313x235.jpg 313w, https:\/\/www.usandizaga.com\/design\/wp-content\/uploads\/2020\/03\/pic-nic-Cristina-Enean-elkar-ezagutzen-2020-02-20-768x576.jpg 768w, https:\/\/www.usandizaga.com\/design\/wp-content\/uploads\/2020\/03\/pic-nic-Cristina-Enean-elkar-ezagutzen-2020-02-20-1536x1152.jpg 1536w, https:\/\/www.usandizaga.com\/design\/wp-content\/uploads\/2020\/03\/pic-nic-Cristina-Enean-elkar-ezagutzen-2020-02-20.jpg 1600w\" sizes=\"(max-width: 960px) 100vw, 960px\" \/>\t\t\t\t\t\t\t\t\t\t\t\t\t\t\t<\/div>\n\t\t\t\t<\/div>\n\t\t\t\t\t<\/div>\n\t\t<\/div>\n\t\t\t\t\t<\/div>\n\t\t<\/section>\n\t\t\t\t<section class=\"elementor-section elementor-top-section elementor-element elementor-element-7a3dd95f elementor-section-boxed elementor-section-height-default elementor-section-height-default\" data-id=\"7a3dd95f\" data-element_type=\"section\" data-e-type=\"section\">\n\t\t\t\t\t\t<div class=\"elementor-container elementor-column-gap-default\">\n\t\t\t\t\t<div class=\"elementor-column elementor-col-100 elementor-top-column elementor-element elementor-element-4eff6b82\" data-id=\"4eff6b82\" data-element_type=\"column\" data-e-type=\"column\">\n\t\t\t<div class=\"elementor-widget-wrap elementor-element-populated\">\n\t\t\t\t\t\t<div class=\"elementor-element elementor-element-3046fc1b elementor-widget elementor-widget-text-editor\" data-id=\"3046fc1b\" data-element_type=\"widget\" data-e-type=\"widget\" data-widget_type=\"text-editor.default\">\n\t\t\t\t<div class=\"elementor-widget-container\">\n\t\t\t\t\t\t\t\t\t<h3><strong>co-creaci\u00f3n<\/strong><\/h3><p>En ese encuentro se empez\u00f3 a recopilar <strong>post its que brevemente contaban una realidad o vivencia<\/strong> que quer\u00edan recordarnos o recordarse que est\u00e1 por solucionar.<\/p><p>As\u00ed Jenny apunta que a\u00fan no puede traer a sus hijos o que convalidar sus estudios es un tr\u00e1mite largo. Mohamed redacta que quiere trabajar pero que sin papeles no puede y tampoco ir a visitar a su padre y madre.<\/p><p>A partir de ah\u00ed se suman otras voces como la de Francisco que apunta que por fin podr\u00e1 hacer contrato a Vladimir, su mejor trabajador,\u00a0 ya que ha conseguido el permiso. O Aitziber que espera que su pareja pronto consiga el permiso de residencia y pueda visitar a su familia.<\/p><p>Y se invita a que cada persona pueda compartir su testimonio proponiendo qu\u00e9 desea o qu\u00e9 podr\u00eda hacer por mejorar estas situaciones personales\u00a0 sin los derechos humanos fundamentales.<\/p>\t\t\t\t\t\t\t\t<\/div>\n\t\t\t\t<\/div>\n\t\t\t\t\t<\/div>\n\t\t<\/div>\n\t\t\t\t\t<\/div>\n\t\t<\/section>\n\t\t\t\t<section class=\"elementor-section elementor-top-section elementor-element elementor-element-70bd077 elementor-section-full_width elementor-section-height-default elementor-section-height-default\" data-id=\"70bd077\" data-element_type=\"section\" data-e-type=\"section\">\n\t\t\t\t\t\t<div class=\"elementor-container elementor-column-gap-default\">\n\t\t\t\t\t<div class=\"elementor-column elementor-col-100 elementor-top-column elementor-element elementor-element-3f7bbfe\" data-id=\"3f7bbfe\" data-element_type=\"column\" data-e-type=\"column\">\n\t\t\t<div class=\"elementor-widget-wrap elementor-element-populated\">\n\t\t\t\t\t\t<div class=\"elementor-element elementor-element-766e5c7 elementor-widget elementor-widget-gallery\" data-id=\"766e5c7\" data-element_type=\"widget\" data-e-type=\"widget\" data-settings=\"{&quot;gallery_layout&quot;:&quot;masonry&quot;,&quot;columns&quot;:3,&quot;gap&quot;:{&quot;unit&quot;:&quot;px&quot;,&quot;size&quot;:8,&quot;sizes&quot;:[]},&quot;lazyload&quot;:&quot;yes&quot;,&quot;columns_tablet&quot;:2,&quot;columns_mobile&quot;:1,&quot;gap_tablet&quot;:{&quot;unit&quot;:&quot;px&quot;,&quot;size&quot;:10,&quot;sizes&quot;:[]},&quot;gap_mobile&quot;:{&quot;unit&quot;:&quot;px&quot;,&quot;size&quot;:10,&quot;sizes&quot;:[]},&quot;link_to&quot;:&quot;file&quot;,&quot;overlay_background&quot;:&quot;yes&quot;,&quot;content_hover_animation&quot;:&quot;fade-in&quot;}\" data-widget_type=\"gallery.default\">\n\t\t\t\t<div class=\"elementor-widget-container\">\n\t\t\t\t\t\t\t<div class=\"elementor-gallery__container\">\n\t\t\t\t\t\t\t<a class=\"e-gallery-item elementor-gallery-item elementor-animated-content\" href=\"https:\/\/www.usandizaga.com\/design\/wp-content\/uploads\/2020\/03\/POSTIT_Jenny.jpg\" data-elementor-open-lightbox=\"yes\" data-elementor-lightbox-slideshow=\"766e5c7\" data-elementor-lightbox-title=\"POSTIT_Jenny\" data-e-action-hash=\"#elementor-action%3Aaction%3Dlightbox%26settings%3DeyJpZCI6MTU5NTYsInVybCI6Imh0dHBzOlwvXC93d3cudXNhbmRpemFnYS5jb21cL2Rlc2lnblwvd3AtY29udGVudFwvdXBsb2Fkc1wvMjAyMFwvMDNcL1BPU1RJVF9KZW5ueS5qcGciLCJzbGlkZXNob3ciOiI3NjZlNWM3In0%3D\">\n\t\t\t\t\t<div class=\"e-gallery-image elementor-gallery-item__image\" data-thumbnail=\"https:\/\/www.usandizaga.com\/design\/wp-content\/uploads\/2020\/03\/POSTIT_Jenny.jpg\" data-width=\"2250\" data-height=\"2250\" aria-label=\"post it escrito por jenny es costoso convalidar estudios, no puede traer a sus hijos\" role=\"img\" ><\/div>\n\t\t\t\t\t\t\t\t\t\t\t<div class=\"elementor-gallery-item__overlay\"><\/div>\n\t\t\t\t\t\t\t\t\t\t\t\t\t\t<\/a>\n\t\t\t\t\t\t\t<a class=\"e-gallery-item elementor-gallery-item elementor-animated-content\" href=\"https:\/\/www.usandizaga.com\/design\/wp-content\/uploads\/2020\/03\/POSTIT_Othman.jpg\" data-elementor-open-lightbox=\"yes\" data-elementor-lightbox-slideshow=\"766e5c7\" data-elementor-lightbox-title=\"POSTIT_Othman\" data-e-action-hash=\"#elementor-action%3Aaction%3Dlightbox%26settings%3DeyJpZCI6MTU5NTcsInVybCI6Imh0dHBzOlwvXC93d3cudXNhbmRpemFnYS5jb21cL2Rlc2lnblwvd3AtY29udGVudFwvdXBsb2Fkc1wvMjAyMFwvMDNcL1BPU1RJVF9PdGhtYW4uanBnIiwic2xpZGVzaG93IjoiNzY2ZTVjNyJ9\">\n\t\t\t\t\t<div class=\"e-gallery-image elementor-gallery-item__image\" data-thumbnail=\"https:\/\/www.usandizaga.com\/design\/wp-content\/uploads\/2020\/03\/POSTIT_Othman.jpg\" data-width=\"2250\" data-height=\"2250\" aria-label=\"post ir escrito por Othman: No puedo trabajar y no puedo ver a mi familia\" role=\"img\" ><\/div>\n\t\t\t\t\t\t\t\t\t\t\t<div class=\"elementor-gallery-item__overlay\"><\/div>\n\t\t\t\t\t\t\t\t\t\t\t\t\t\t<\/a>\n\t\t\t\t\t\t\t<a class=\"e-gallery-item elementor-gallery-item elementor-animated-content\" href=\"https:\/\/www.usandizaga.com\/design\/wp-content\/uploads\/2020\/03\/POSTIT_Itxaso.jpg\" data-elementor-open-lightbox=\"yes\" data-elementor-lightbox-slideshow=\"766e5c7\" data-elementor-lightbox-title=\"POSTIT_Itxaso\" data-e-action-hash=\"#elementor-action%3Aaction%3Dlightbox%26settings%3DeyJpZCI6MTU5NTEsInVybCI6Imh0dHBzOlwvXC93d3cudXNhbmRpemFnYS5jb21cL2Rlc2lnblwvd3AtY29udGVudFwvdXBsb2Fkc1wvMjAyMFwvMDNcL1BPU1RJVF9JdHhhc28uanBnIiwic2xpZGVzaG93IjoiNzY2ZTVjNyJ9\">\n\t\t\t\t\t<div class=\"e-gallery-image elementor-gallery-item__image\" data-thumbnail=\"https:\/\/www.usandizaga.com\/design\/wp-content\/uploads\/2020\/03\/POSTIT_Itxaso.jpg\" data-width=\"2250\" data-height=\"2250\" aria-label=\"post it de Itxaso: despu\u00e9s de m\u00e1s de 2 a\u00f1os de tr\u00e1mites inalcanzables todav\u00eda no hemos conseguido que la hija de mi marido viva aqu\u00ed con nosotros.\" role=\"img\" ><\/div>\n\t\t\t\t\t\t\t\t\t\t\t<div class=\"elementor-gallery-item__overlay\"><\/div>\n\t\t\t\t\t\t\t\t\t\t\t\t\t\t<\/a>\n\t\t\t\t\t<\/div>\n\t\t\t\t\t<\/div>\n\t\t\t\t<\/div>\n\t\t\t\t\t<\/div>\n\t\t<\/div>\n\t\t\t\t\t<\/div>\n\t\t<\/section>\n\t\t\t\t<section class=\"elementor-section elementor-top-section elementor-element elementor-element-54c31101 elementor-section-boxed elementor-section-height-default elementor-section-height-default\" data-id=\"54c31101\" data-element_type=\"section\" data-e-type=\"section\">\n\t\t\t\t\t\t<div class=\"elementor-container elementor-column-gap-default\">\n\t\t\t\t\t<div class=\"elementor-column elementor-col-100 elementor-top-column elementor-element elementor-element-a817a33\" data-id=\"a817a33\" data-element_type=\"column\" data-e-type=\"column\">\n\t\t\t<div class=\"elementor-widget-wrap elementor-element-populated\">\n\t\t\t\t\t\t<div class=\"elementor-element elementor-element-41b89d71 elementor-widget elementor-widget-text-editor\" data-id=\"41b89d71\" data-element_type=\"widget\" data-e-type=\"widget\" data-widget_type=\"text-editor.default\">\n\t\t\t\t<div class=\"elementor-widget-container\">\n\t\t\t\t\t\t\t\t\t<h3><b>Tu papel es importante. #sinpapeles<\/b><\/h3><p>Habiendo superado mil dificultades para llegar, las personas migrantes en situaci\u00f3n irregular sufren mil complicaciones m\u00e1s en busca de su regularizaci\u00f3n. Si logran empadronarse consiguen un m\u00ednimo de derechos como sanidad, educaci\u00f3n o ayuda social, pero siguen careciendo de derechos fundamentales como trabajo en condiciones dignas, libertad de desplazamiento, o incluso, poder ver a su familia. Adem\u00e1s, la precariedad y el abuso por su situaci\u00f3n, el miedo a la expulsi\u00f3n y la soledad e impotencia que sufren, amenaza sus vidas diariamente.<\/p><p>Y sus testimonios nos recuerdan el papel que podemos tomar. Para que accedan al empadronamiento, al mercado laboral, y reciban un trato de igualdad o amistad,<br \/><strong>TU PAPEL ES IMPORTANTE.<\/strong><\/p><p>Para que todas tengamos derechos humanos,\u00a0<br \/><strong>las instituciones<\/strong><br \/><strong>TEN\u00c9IS UN PAPEL FUNDAMENTAL.<\/strong><\/p><p>Para construir una sociedad mejor entre todas,\u00a0<br \/><strong>migrante, TU PAPEL ES INDISPENSABLE.<\/strong><\/p><p>Para que puedan regularizar su situaci\u00f3n,<br \/><strong>TU PAPEL ES IMPORTANTE.<\/strong><\/p>\t\t\t\t\t\t\t\t<\/div>\n\t\t\t\t<\/div>\n\t\t\t\t<div class=\"elementor-element elementor-element-4062b704 elementor-widget elementor-widget-image\" data-id=\"4062b704\" data-element_type=\"widget\" data-e-type=\"widget\" data-widget_type=\"image.default\">\n\t\t\t\t<div class=\"elementor-widget-container\">\n\t\t\t\t\t\t\t\t\t\t\t\t\t\t\t<img loading=\"lazy\" decoding=\"async\" width=\"960\" height=\"898\" src=\"https:\/\/www.usandizaga.com\/design\/wp-content\/uploads\/2020\/03\/Martxa-contra-Racismo-2020-kartela-TU-PAPEL-ES-IMPORTANTE-02-960x898.png\" class=\"attachment-large size-large wp-image-15959\" alt=\"Cuatro post its que muestran la necesidad de &quot;papeles&quot; para lo cotidiano\" srcset=\"https:\/\/www.usandizaga.com\/design\/wp-content\/uploads\/2020\/03\/Martxa-contra-Racismo-2020-kartela-TU-PAPEL-ES-IMPORTANTE-02-960x898.png 960w, https:\/\/www.usandizaga.com\/design\/wp-content\/uploads\/2020\/03\/Martxa-contra-Racismo-2020-kartela-TU-PAPEL-ES-IMPORTANTE-02-251x235.png 251w, https:\/\/www.usandizaga.com\/design\/wp-content\/uploads\/2020\/03\/Martxa-contra-Racismo-2020-kartela-TU-PAPEL-ES-IMPORTANTE-02-768x718.png 768w, https:\/\/www.usandizaga.com\/design\/wp-content\/uploads\/2020\/03\/Martxa-contra-Racismo-2020-kartela-TU-PAPEL-ES-IMPORTANTE-02.png 1277w\" sizes=\"(max-width: 960px) 100vw, 960px\" \/>\t\t\t\t\t\t\t\t\t\t\t\t\t\t\t<\/div>\n\t\t\t\t<\/div>\n\t\t\t\t\t<\/div>\n\t\t<\/div>\n\t\t\t\t\t<\/div>\n\t\t<\/section>\n\t\t\t\t<section class=\"elementor-section elementor-top-section elementor-element elementor-element-7cb15f1f elementor-section-boxed elementor-section-height-default elementor-section-height-default\" data-id=\"7cb15f1f\" data-element_type=\"section\" data-e-type=\"section\">\n\t\t\t\t\t\t<div class=\"elementor-container elementor-column-gap-default\">\n\t\t\t\t\t<div class=\"elementor-column elementor-col-100 elementor-top-column elementor-element elementor-element-10d16a6d\" data-id=\"10d16a6d\" data-element_type=\"column\" data-e-type=\"column\">\n\t\t\t<div class=\"elementor-widget-wrap elementor-element-populated\">\n\t\t\t\t\t\t<div class=\"elementor-element elementor-element-2c2b7a25 elementor-widget elementor-widget-text-editor\" data-id=\"2c2b7a25\" data-element_type=\"widget\" data-e-type=\"widget\" data-widget_type=\"text-editor.default\">\n\t\t\t\t<div class=\"elementor-widget-container\">\n\t\t\t\t\t\t\t\t\t<h3><b>La Martxa se aplaza, pero tristemente el racismo\u2026<\/b><\/h3><p>La Martxa de Trintxerpe a Donostia, pensaba celebrarse el 29 de marzo, d\u00eda cercano al 21, D\u00eda Internacional de la Eliminaci\u00f3n de la Discriminaci\u00f3n Racial, y una vez pasado el \u00abpuente\u00bb. Debido al estado de alarma <strong>la Martxa se ha quedado a la espera de una nueva cita para poder caminar juntas contra el Racismo<\/strong>.<br \/>Esta situaci\u00f3n de tener que estar confinados\u00a0 sin salir a la calle, puede servir para la reflexi\u00f3n en este y muchos otros aspectos de nuestro d\u00eda a d\u00eda, a favor de la igualdad. Aunque la martxa tenga que aplazarse el racismo sigue ah\u00ed, y en esta situaci\u00f3n de alarma, se agudiza de muchas maneras.\u00a0<\/p><p>Markel recuerda que <em>\u00abAunque la Martxa no se celebre, la causa por la que lucha la Martxa no se va a cancelar. El 21 de marzo es el d\u00eda internacional contra el racismo y un buen d\u00eda para recordar todas las personas en situaci\u00f3n irregular que han de pasar por muchas complicaciones. Es m\u00e1s, en este momento en el que el covid-19 nos hace permanecer en casa y andar con tanto cuidado, es importante recordar que hay personas que ni siquiera pueden acceder a la sanidad, o incluso no tienen donde aislarse y permanecer seguros\u00bb.<\/em><\/p>\t\t\t\t\t\t\t\t<\/div>\n\t\t\t\t<\/div>\n\t\t\t\t<div class=\"elementor-element elementor-element-36ad3298 elementor-widget elementor-widget-image\" data-id=\"36ad3298\" data-element_type=\"widget\" data-e-type=\"widget\" data-widget_type=\"image.default\">\n\t\t\t\t<div class=\"elementor-widget-container\">\n\t\t\t\t\t\t\t\t\t\t\t\t\t\t\t<img loading=\"lazy\" decoding=\"async\" width=\"768\" height=\"1077\" src=\"https:\/\/www.usandizaga.com\/design\/wp-content\/uploads\/2020\/03\/Martxa-contra-Racismo-2020-kartela-TU-PAPEL-ES-IMPORTANTE-01-768x1077.png\" class=\"attachment-medium_large size-medium_large wp-image-15958\" alt=\"cartel martxa 2020\" srcset=\"https:\/\/www.usandizaga.com\/design\/wp-content\/uploads\/2020\/03\/Martxa-contra-Racismo-2020-kartela-TU-PAPEL-ES-IMPORTANTE-01-768x1077.png 768w, https:\/\/www.usandizaga.com\/design\/wp-content\/uploads\/2020\/03\/Martxa-contra-Racismo-2020-kartela-TU-PAPEL-ES-IMPORTANTE-01-168x235.png 168w, https:\/\/www.usandizaga.com\/design\/wp-content\/uploads\/2020\/03\/Martxa-contra-Racismo-2020-kartela-TU-PAPEL-ES-IMPORTANTE-01-741x1040.png 741w, https:\/\/www.usandizaga.com\/design\/wp-content\/uploads\/2020\/03\/Martxa-contra-Racismo-2020-kartela-TU-PAPEL-ES-IMPORTANTE-01-1095x1536.png 1095w, https:\/\/www.usandizaga.com\/design\/wp-content\/uploads\/2020\/03\/Martxa-contra-Racismo-2020-kartela-TU-PAPEL-ES-IMPORTANTE-01.png 1276w\" sizes=\"(max-width: 768px) 100vw, 768px\" \/>\t\t\t\t\t\t\t\t\t\t\t\t\t\t\t<\/div>\n\t\t\t\t<\/div>\n\t\t\t\t\t<\/div>\n\t\t<\/div>\n\t\t\t\t\t<\/div>\n\t\t<\/section>\n\t\t\t\t<section class=\"elementor-section elementor-top-section elementor-element elementor-element-1a561495 elementor-section-boxed elementor-section-height-default elementor-section-height-default\" data-id=\"1a561495\" data-element_type=\"section\" data-e-type=\"section\">\n\t\t\t\t\t\t<div class=\"elementor-container elementor-column-gap-default\">\n\t\t\t\t\t<div class=\"elementor-column elementor-col-100 elementor-top-column elementor-element elementor-element-3e2834da\" data-id=\"3e2834da\" data-element_type=\"column\" data-e-type=\"column\">\n\t\t\t<div class=\"elementor-widget-wrap elementor-element-populated\">\n\t\t\t\t\t\t<div class=\"elementor-element elementor-element-17e96846 elementor-widget elementor-widget-text-editor\" data-id=\"17e96846\" data-element_type=\"widget\" data-e-type=\"widget\" data-widget_type=\"text-editor.default\">\n\t\t\t\t<div class=\"elementor-widget-container\">\n\t\t\t\t\t\t\t\t\t<h3><b>Nos queda mucho por hacer contra el racismo<\/b><\/h3><p>La alumna Camila Latorre destaca que\u00a0 <em>\u00abCon gestos de todo tipo podemos hacer de esta sociedad, una sociedad igualitaria en derechos, da igual de d\u00f3nde provengas.<br \/><\/em><em>Con peque\u00f1os gestos, como por ejemplo: una sonrisa, una charla, ayudarles con gestiones, etc.<br \/><\/em><em>O si nuestras posibilidades nos lo permiten, grandes gestos: el empadronamiento, un contrato de trabajo, etc. <\/em><em>Los gestos grandes y peque\u00f1os son igual de importantes\u00bb.<\/em><\/p><p>En esta situaci\u00f3n actual de confinamiento tambi\u00e9n\u00a0 hay varias iniciativas en las que podemos ayudar a las personas que lo necesiten y estar muy alerta para denunciar o intentar frenar cualquier acto o mensaje discriminatorio.<\/p><p>Y concluye que <em>\u201cHay muchos tipos de racismo y xenofobia, no solo la discriminaci\u00f3n ante personas en situaci\u00f3n irregular. Este a\u00f1o se ha enfocado en personas en situaci\u00f3n \u201cSin papeles\u201d, pero tenemos que luchar todos los a\u00f1os y d\u00eda a d\u00eda contra el racismo.<br \/><\/em><em>Podemos usar distintos medios y grafismos, tenemos que aprovechar al m\u00e1ximo nuestros recursos.\u00bb<\/em><\/p>\t\t\t\t\t\t\t\t<\/div>\n\t\t\t\t<\/div>\n\t\t\t\t<div class=\"elementor-element elementor-element-78a00ec elementor-widget elementor-widget-image\" data-id=\"78a00ec\" data-element_type=\"widget\" data-e-type=\"widget\" data-widget_type=\"image.default\">\n\t\t\t\t<div class=\"elementor-widget-container\">\n\t\t\t\t\t\t\t\t\t\t\t\t\t\t\t<img loading=\"lazy\" decoding=\"async\" width=\"584\" height=\"1040\" src=\"https:\/\/www.usandizaga.com\/design\/wp-content\/uploads\/2020\/03\/Invitaci\u00f3n-a-subir-post-it-4-584x1040.jpg\" class=\"attachment-large size-large wp-image-15953\" alt=\"invitaci\u00f3n a compartir post its con vivencias para stories de Instagram\" srcset=\"https:\/\/www.usandizaga.com\/design\/wp-content\/uploads\/2020\/03\/Invitaci\u00f3n-a-subir-post-it-4-584x1040.jpg 584w, https:\/\/www.usandizaga.com\/design\/wp-content\/uploads\/2020\/03\/Invitaci\u00f3n-a-subir-post-it-4-132x235.jpg 132w, https:\/\/www.usandizaga.com\/design\/wp-content\/uploads\/2020\/03\/Invitaci\u00f3n-a-subir-post-it-4-768x1368.jpg 768w, https:\/\/www.usandizaga.com\/design\/wp-content\/uploads\/2020\/03\/Invitaci\u00f3n-a-subir-post-it-4-862x1536.jpg 862w, https:\/\/www.usandizaga.com\/design\/wp-content\/uploads\/2020\/03\/Invitaci\u00f3n-a-subir-post-it-4-1150x2048.jpg 1150w, https:\/\/www.usandizaga.com\/design\/wp-content\/uploads\/2020\/03\/Invitaci\u00f3n-a-subir-post-it-4-scaled.jpg 1437w\" sizes=\"(max-width: 584px) 100vw, 584px\" \/>\t\t\t\t\t\t\t\t\t\t\t\t\t\t\t<\/div>\n\t\t\t\t<\/div>\n\t\t\t\t\t<\/div>\n\t\t<\/div>\n\t\t\t\t\t<\/div>\n\t\t<\/section>\n\t\t\t\t<section class=\"elementor-section elementor-top-section elementor-element elementor-element-2483e8ea elementor-section-boxed elementor-section-height-default elementor-section-height-default\" data-id=\"2483e8ea\" data-element_type=\"section\" data-e-type=\"section\">\n\t\t\t\t\t\t<div class=\"elementor-container elementor-column-gap-default\">\n\t\t\t\t\t<div class=\"elementor-column elementor-col-100 elementor-top-column elementor-element elementor-element-50fbc77a\" data-id=\"50fbc77a\" data-element_type=\"column\" data-e-type=\"column\">\n\t\t\t<div class=\"elementor-widget-wrap elementor-element-populated\">\n\t\t\t\t\t\t<div class=\"elementor-element elementor-element-1d5bdaef elementor-widget elementor-widget-text-editor\" data-id=\"1d5bdaef\" data-element_type=\"widget\" data-e-type=\"widget\" data-widget_type=\"text-editor.default\">\n\t\t\t\t<div class=\"elementor-widget-container\">\n\t\t\t\t\t\t\t\t\t<h3><strong>Mensajes con y sin papeles<\/strong><\/h3><p>La difusi\u00f3n de estos mensajes escritos en papel, se prev\u00e9 a trav\u00e9s de las redes sociales.<\/p><p><span style=\"font-weight: 400;\">Desde la asociaciones se invitar\u00e1 a <strong>compartir en las redes sociales experiencias<\/strong>\u00a0 propias o cercanas mostrando esa situaci\u00f3n que debiera solucionarse o aquello en lo que cada una podr\u00edamos aportar, etiquetando @martxacontraracismo @sosarrazakeriagipuzkoa con los hashtags #sinpapeles #martxa2020 #papergabe.<\/span><\/p>\t\t\t\t\t\t\t\t<\/div>\n\t\t\t\t<\/div>\n\t\t\t\t<div class=\"elementor-element elementor-element-4054f75b elementor-widget elementor-widget-image\" data-id=\"4054f75b\" data-element_type=\"widget\" data-e-type=\"widget\" data-widget_type=\"image.default\">\n\t\t\t\t<div class=\"elementor-widget-container\">\n\t\t\t\t\t\t\t\t\t\t\t\t\t\t\t<img loading=\"lazy\" decoding=\"async\" width=\"627\" height=\"1040\" src=\"https:\/\/www.usandizaga.com\/design\/wp-content\/uploads\/2020\/03\/INstagram-pantalla-2020-03-21-627x1040.png\" class=\"attachment-large size-large wp-image-15960\" alt=\"Im\u00e1genes en Instagram en la cuenta de la martxa\" srcset=\"https:\/\/www.usandizaga.com\/design\/wp-content\/uploads\/2020\/03\/INstagram-pantalla-2020-03-21-627x1040.png 627w, https:\/\/www.usandizaga.com\/design\/wp-content\/uploads\/2020\/03\/INstagram-pantalla-2020-03-21-142x235.png 142w, https:\/\/www.usandizaga.com\/design\/wp-content\/uploads\/2020\/03\/INstagram-pantalla-2020-03-21-768x1274.png 768w, https:\/\/www.usandizaga.com\/design\/wp-content\/uploads\/2020\/03\/INstagram-pantalla-2020-03-21-926x1536.png 926w, https:\/\/www.usandizaga.com\/design\/wp-content\/uploads\/2020\/03\/INstagram-pantalla-2020-03-21-1234x2048.png 1234w, https:\/\/www.usandizaga.com\/design\/wp-content\/uploads\/2020\/03\/INstagram-pantalla-2020-03-21.png 1526w\" sizes=\"(max-width: 627px) 100vw, 627px\" \/>\t\t\t\t\t\t\t\t\t\t\t\t\t\t\t<\/div>\n\t\t\t\t<\/div>\n\t\t\t\t\t<\/div>\n\t\t<\/div>\n\t\t\t\t\t<\/div>\n\t\t<\/section>\n\t\t\t\t<section class=\"elementor-section elementor-top-section elementor-element elementor-element-604ec57d elementor-section-boxed elementor-section-height-default elementor-section-height-default\" data-id=\"604ec57d\" data-element_type=\"section\" data-e-type=\"section\">\n\t\t\t\t\t\t<div class=\"elementor-container elementor-column-gap-default\">\n\t\t\t\t\t<div class=\"elementor-column elementor-col-100 elementor-top-column elementor-element elementor-element-71204cf6\" data-id=\"71204cf6\" data-element_type=\"column\" data-e-type=\"column\">\n\t\t\t<div class=\"elementor-widget-wrap elementor-element-populated\">\n\t\t\t\t\t\t<div class=\"elementor-element elementor-element-409323bd elementor-widget elementor-widget-text-editor\" data-id=\"409323bd\" data-element_type=\"widget\" data-e-type=\"widget\" data-widget_type=\"text-editor.default\">\n\t\t\t\t<div class=\"elementor-widget-container\">\n\t\t\t\t\t\t\t\t\t<h3><strong>Asoaciaciones y estudiantes<\/strong><\/h3><p><strong>Organizaciones que organizan y se adhieren a la Martxa<\/strong> y su manifiesto:<\/p><p>SOS Arrazakeria Gipuzkoa \u00b7 Medicus Mundi Gipuzkoa \u00b7 Coordinadora de ONGD Euskadi \u00b7 AMHER \u00b7 Amnist\u00eda Internacional \u00b7 Arrats \u00b7 Asociaci\u00f3n Adeco \u00b7 Behar Bidasoa \u00b7 Bidez Bide Elkartea \u00b7 Calcuta Ondoan \u00b7 Cear Euskadi \u00b7 CITE-CCOO \u00b7 Denon Elkartea \u00b7 EHGAM \u00b7 ELA Sindikatua \u00b7 ELAN-Euskadi \u00b7 Emakumeen Etxea \u00b7 Ema\u00fas Fundaci\u00f3n Social \u00b7 ESF \u00b7 ESK \u00b7 Esperanza Latina \u00b7 Etiop\u00eda Utop\u00eda \u00b7 Fundaci\u00f3n Adsis \u00b7 Fundaci\u00f3n Paz y Solidaridad de Euskadi \u00b7 Haurralde Fundazioa \u00b7 Hiritarren Harrera Sarea\/Red de Acogida Ciudadana \u00b7 Helduak \u00b7 Hernaniko Harrera Sarea \u00b7 Irungo Harrera Sarea\/Red de Apoyo de Ir\u00fan \u00b7 Kolore Guztiak \u00b7 Komite Internazionalistak \u00b7 LAB Sindikatua \u00b7 Loiola Etxea \u00b7 Malen Etxea \u00b7 Matiz \u00b7 Modahara \u00b7 Mugarik Gabe \u00b7 Mugen Gainetik \u00b7 Mundubat \u00b7 Ongi Etorri Errefuxiatuak \u00b7 Plazandreaok \u00b7 Pluralidad por \u00c1frica \u00b7 Prosalus \u00b7 Proyde-Proega Fundazioa \u00b7 Setem Hego Haizeak \u00b7 Sodepaz Euskadi \u00b7 Steilas \u00b7 TAU Fundazioa \u00b7 Zero Pobrezia\u00a0<\/p><p>Estudiantes que han participado en el dise\u00f1o de la campa\u00f1a, <strong>Usandizagako Diseinu ikasleak<\/strong>: Maddalen Alberdi, Nagore Alonso, Julen Arranz, Markel Blanco, Ariel Cobo, Lorena Doucureau, Aitana G\u00f3mez, Camila Latorre, Irene Romero, Elena Sayar y Ainize V\u00e1zquez.\u00a0<\/p>\t\t\t\t\t\t\t\t<\/div>\n\t\t\t\t<\/div>\n\t\t\t\t\t<\/div>\n\t\t<\/div>\n\t\t\t\t\t<\/div>\n\t\t<\/section>\n\t\t\t\t<\/div>\n\t\t","protected":false},"excerpt":{"rendered":"<p>#SINPAPELES #PAPERGABE Desde el a\u00f1o 2010 en el Ciclo de Grado Superior de Dise\u00f1o de Usandizaga desarrollamos en este proyecto de comunicaci\u00f3n y dise\u00f1o de la imagen de la Martxa &#8230; <a title=\"DISE\u00d1O DE CAMPA\u00d1A CONTRA EL RACISMO:  TU PAPEL ES IMPORTANTE\" class=\"read-more\" href=\"https:\/\/www.usandizaga.com\/design\/diseno-de-campana-contra-el-racismo-tu-papel-es-importante\/\" aria-label=\"Leer m\u00e1s sobre DISE\u00d1O DE CAMPA\u00d1A CONTRA EL RACISMO:  TU PAPEL ES IMPORTANTE\">+info<\/a><\/p>\n","protected":false},"author":1,"featured_media":15967,"comment_status":"closed","ping_status":"closed","sticky":false,"template":"","format":"standard","meta":{"generate_page_header":"","footnotes":""},"categories":[5],"tags":[220],"class_list":["post-15949","post","type-post","status-publish","format-standard","has-post-thumbnail","hentry","category-proyectos-de-diseno-grafico","tag-diseno_social","generate-columns","tablet-grid-50","mobile-grid-100","grid-parent","grid-33"],"lang":"es","translations":{"es":15949},"pll_sync_post":[],"_links":{"self":[{"href":"https:\/\/www.usandizaga.com\/design\/wp-json\/wp\/v2\/posts\/15949","targetHints":{"allow":["GET"]}}],"collection":[{"href":"https:\/\/www.usandizaga.com\/design\/wp-json\/wp\/v2\/posts"}],"about":[{"href":"https:\/\/www.usandizaga.com\/design\/wp-json\/wp\/v2\/types\/post"}],"author":[{"embeddable":true,"href":"https:\/\/www.usandizaga.com\/design\/wp-json\/wp\/v2\/users\/1"}],"replies":[{"embeddable":true,"href":"https:\/\/www.usandizaga.com\/design\/wp-json\/wp\/v2\/comments?post=15949"}],"version-history":[{"count":0,"href":"https:\/\/www.usandizaga.com\/design\/wp-json\/wp\/v2\/posts\/15949\/revisions"}],"wp:featuredmedia":[{"embeddable":true,"href":"https:\/\/www.usandizaga.com\/design\/wp-json\/wp\/v2\/media\/15967"}],"wp:attachment":[{"href":"https:\/\/www.usandizaga.com\/design\/wp-json\/wp\/v2\/media?parent=15949"}],"wp:term":[{"taxonomy":"category","embeddable":true,"href":"https:\/\/www.usandizaga.com\/design\/wp-json\/wp\/v2\/categories?post=15949"},{"taxonomy":"post_tag","embeddable":true,"href":"https:\/\/www.usandizaga.com\/design\/wp-json\/wp\/v2\/tags?post=15949"}],"curies":[{"name":"wp","href":"https:\/\/api.w.org\/{rel}","templated":true}]}}