{"id":17757,"date":"2021-02-17T19:00:00","date_gmt":"2021-02-17T18:00:00","guid":{"rendered":"https:\/\/www.usandizaga.com\/design\/?p=17757"},"modified":"2021-02-08T10:30:28","modified_gmt":"2021-02-08T09:30:28","slug":"janire-orduna","status":"publish","type":"post","link":"https:\/\/www.usandizaga.com\/design\/janire-orduna\/","title":{"rendered":"Janire Orduna"},"content":{"rendered":"\t\t<div data-elementor-type=\"wp-post\" data-elementor-id=\"17757\" class=\"elementor elementor-17757\" data-elementor-post-type=\"post\">\n\t\t\t\t\t\t<section class=\"elementor-section elementor-top-section elementor-element elementor-element-8659911 elementor-section-full_width elementor-section-height-min-height elementor-section-height-default elementor-section-items-middle\" data-id=\"8659911\" data-element_type=\"section\" data-e-type=\"section\" data-settings=\"{&quot;background_background&quot;:&quot;classic&quot;}\">\n\t\t\t\t\t\t<div class=\"elementor-container elementor-column-gap-default\">\n\t\t\t\t\t<div class=\"elementor-column elementor-col-100 elementor-top-column elementor-element elementor-element-15c799f\" data-id=\"15c799f\" data-element_type=\"column\" data-e-type=\"column\">\n\t\t\t<div class=\"elementor-widget-wrap\">\n\t\t\t\t\t\t\t<\/div>\n\t\t<\/div>\n\t\t\t\t\t<\/div>\n\t\t<\/section>\n\t\t\t\t<section class=\"elementor-section elementor-top-section elementor-element elementor-element-6ea8d73e elementor-section-content-middle elementor-section-boxed elementor-section-height-default elementor-section-height-default\" data-id=\"6ea8d73e\" data-element_type=\"section\" data-e-type=\"section\">\n\t\t\t\t\t\t<div class=\"elementor-container elementor-column-gap-no\">\n\t\t\t\t\t<div class=\"elementor-column elementor-col-100 elementor-top-column elementor-element elementor-element-58239ff8\" data-id=\"58239ff8\" data-element_type=\"column\" data-e-type=\"column\">\n\t\t\t<div class=\"elementor-widget-wrap elementor-element-populated\">\n\t\t\t\t\t\t<div class=\"elementor-element elementor-element-55d6bb1d elementor-widget elementor-widget-theme-post-title elementor-page-title elementor-widget-heading\" data-id=\"55d6bb1d\" data-element_type=\"widget\" data-e-type=\"widget\" data-widget_type=\"theme-post-title.default\">\n\t\t\t\t<div class=\"elementor-widget-container\">\n\t\t\t\t\t<h1 class=\"elementor-heading-title elementor-size-xxl\">Janire Orduna<\/h1>\t\t\t\t<\/div>\n\t\t\t\t<\/div>\n\t\t\t\t<div class=\"elementor-element elementor-element-1b4b9ee9 elementor-widget elementor-widget-heading\" data-id=\"1b4b9ee9\" data-element_type=\"widget\" data-e-type=\"widget\" data-widget_type=\"heading.default\">\n\t\t\t\t<div class=\"elementor-widget-container\">\n\t\t\t\t\t<h2 class=\"elementor-heading-title elementor-size-default\">dibujanta empedernida<\/h2>\t\t\t\t<\/div>\n\t\t\t\t<\/div>\n\t\t\t\t<div class=\"elementor-element elementor-element-1b679c64 elementor-widget elementor-widget-text-editor\" data-id=\"1b679c64\" data-element_type=\"widget\" data-e-type=\"widget\" data-widget_type=\"text-editor.default\">\n\t\t\t\t<div class=\"elementor-widget-container\">\n\t\t\t\t\t\t\t\t\t<p>Janire Orduna es una ilustradora y dise\u00f1adora que vive en Bilbao. Realiza animaciones, ilustraciones y muchos otros proyectos gr\u00e1ficos interesantes.<br \/>Licenciada en Comunicaci\u00f3n Audiovisual, pero decid\u00e9 seguir su pasi\u00f3n: el dibujo. Tras realizar un curso de dise\u00f1o gr\u00e1fico logra las herramientas necesarias para poder vivir de garabatear, ilustrar y dise\u00f1ar.<br \/>Hoy es un placer entrevistar a Janire Orduna.<\/p>\t\t\t\t\t\t\t\t<\/div>\n\t\t\t\t<\/div>\n\t\t\t\t<section class=\"elementor-section elementor-inner-section elementor-element elementor-element-6da3a2d7 elementor-section-content-middle elementor-section-boxed elementor-section-height-default elementor-section-height-default\" data-id=\"6da3a2d7\" data-element_type=\"section\" data-e-type=\"section\">\n\t\t\t\t\t\t<div class=\"elementor-container elementor-column-gap-no\">\n\t\t\t\t\t<div class=\"elementor-column elementor-col-100 elementor-inner-column elementor-element elementor-element-28661eef\" data-id=\"28661eef\" data-element_type=\"column\" data-e-type=\"column\">\n\t\t\t<div class=\"elementor-widget-wrap elementor-element-populated\">\n\t\t\t\t\t\t<div class=\"elementor-element elementor-element-54d62767 elementor-align-center elementor-widget elementor-widget-button\" data-id=\"54d62767\" data-element_type=\"widget\" data-e-type=\"widget\" data-widget_type=\"button.default\">\n\t\t\t\t<div class=\"elementor-widget-container\">\n\t\t\t\t\t\t\t\t\t<div class=\"elementor-button-wrapper\">\n\t\t\t\t\t<a class=\"elementor-button elementor-button-link elementor-size-sm elementor-animation-grow\" href=\"https:\/\/www.janireorduna.com\/\" target=\"_blank\" rel=\"noopener\">\n\t\t\t\t\t\t<span class=\"elementor-button-content-wrapper\">\n\t\t\t\t\t\t\t\t\t<span class=\"elementor-button-text\">www.janireorduna.com<\/span>\n\t\t\t\t\t<\/span>\n\t\t\t\t\t<\/a>\n\t\t\t\t<\/div>\n\t\t\t\t\t\t\t\t<\/div>\n\t\t\t\t<\/div>\n\t\t\t\t<div class=\"elementor-element elementor-element-16cf994b elementor-align-center elementor-widget elementor-widget-button\" data-id=\"16cf994b\" data-element_type=\"widget\" data-e-type=\"widget\" data-widget_type=\"button.default\">\n\t\t\t\t<div class=\"elementor-widget-container\">\n\t\t\t\t\t\t\t\t\t<div class=\"elementor-button-wrapper\">\n\t\t\t\t\t<a class=\"elementor-button elementor-button-link elementor-size-sm elementor-animation-grow\" href=\"https:\/\/store.janireorduna.com\/\" target=\"_blank\" rel=\"noopener\">\n\t\t\t\t\t\t<span class=\"elementor-button-content-wrapper\">\n\t\t\t\t\t\t\t\t\t<span class=\"elementor-button-text\">store.janireorduna.com<\/span>\n\t\t\t\t\t<\/span>\n\t\t\t\t\t<\/a>\n\t\t\t\t<\/div>\n\t\t\t\t\t\t\t\t<\/div>\n\t\t\t\t<\/div>\n\t\t\t\t\t<\/div>\n\t\t<\/div>\n\t\t\t\t\t<\/div>\n\t\t<\/section>\n\t\t\t\t\t<\/div>\n\t\t<\/div>\n\t\t\t\t\t<\/div>\n\t\t<\/section>\n\t\t\t\t<section class=\"elementor-section elementor-top-section elementor-element elementor-element-579b0b29 elementor-section-boxed elementor-section-height-default elementor-section-height-default\" data-id=\"579b0b29\" data-element_type=\"section\" data-e-type=\"section\">\n\t\t\t\t\t\t<div class=\"elementor-container elementor-column-gap-default\">\n\t\t\t\t\t<div class=\"elementor-column elementor-col-100 elementor-top-column elementor-element elementor-element-1323cb9b\" data-id=\"1323cb9b\" data-element_type=\"column\" data-e-type=\"column\">\n\t\t\t<div class=\"elementor-widget-wrap elementor-element-populated\">\n\t\t\t\t\t\t<div class=\"elementor-element elementor-element-6cd55aae elementor-widget elementor-widget-text-editor\" data-id=\"6cd55aae\" data-element_type=\"widget\" data-e-type=\"widget\" data-widget_type=\"text-editor.default\">\n\t\t\t\t<div class=\"elementor-widget-container\">\n\t\t\t\t\t\t\t\t\t<p><strong>Para empezar \u00bfqui\u00e9n es y c\u00f3mo es Janire Orduna?<\/strong><\/p><p>Soy una dibujanta empedernida, una bailarina en ciernes y una viajera ilusionada (cuando nos dejan). Me encanta explorar diferentes v\u00edas de la comunicaci\u00f3n gr\u00e1fica. Me siento a gusto entre l\u00e1pices y ordenadores y, por eso, me muevo entre esos dos mundos, el digital y el manual. Tambi\u00e9n me atraviesa la vena bilba\u00edna y la feminista.\u2028<\/p>\t\t\t\t\t\t\t\t<\/div>\n\t\t\t\t<\/div>\n\t\t\t\t<div class=\"elementor-element elementor-element-103361ab elementor-widget elementor-widget-image\" data-id=\"103361ab\" data-element_type=\"widget\" data-e-type=\"widget\" data-widget_type=\"image.default\">\n\t\t\t\t<div class=\"elementor-widget-container\">\n\t\t\t\t\t\t\t\t\t\t\t\t<figure class=\"wp-caption\">\n\t\t\t\t\t\t\t\t\t\t<img fetchpriority=\"high\" decoding=\"async\" width=\"840\" height=\"630\" src=\"https:\/\/www.usandizaga.com\/design\/wp-content\/uploads\/2021\/02\/Janire-Orduna-ilustradora-Rrevista-Graffica.jpg\" class=\"attachment-full size-full wp-image-17777\" alt=\"Janire Orduna, ilustradora: Rrevista Graffica\" srcset=\"https:\/\/www.usandizaga.com\/design\/wp-content\/uploads\/2021\/02\/Janire-Orduna-ilustradora-Rrevista-Graffica.jpg 840w, https:\/\/www.usandizaga.com\/design\/wp-content\/uploads\/2021\/02\/Janire-Orduna-ilustradora-Rrevista-Graffica-313x235.jpg 313w, https:\/\/www.usandizaga.com\/design\/wp-content\/uploads\/2021\/02\/Janire-Orduna-ilustradora-Rrevista-Graffica-768x576.jpg 768w, https:\/\/www.usandizaga.com\/design\/wp-content\/uploads\/2021\/02\/Janire-Orduna-ilustradora-Rrevista-Graffica-150x113.jpg 150w\" sizes=\"(max-width: 840px) 100vw, 840px\" \/>\t\t\t\t\t\t\t\t\t\t\t<figcaption class=\"widget-image-caption wp-caption-text\">Janire Orduna, ilustradora Rrevista Graffica<\/figcaption>\n\t\t\t\t\t\t\t\t\t\t<\/figure>\n\t\t\t\t\t\t\t\t\t<\/div>\n\t\t\t\t<\/div>\n\t\t\t\t\t<\/div>\n\t\t<\/div>\n\t\t\t\t\t<\/div>\n\t\t<\/section>\n\t\t\t\t<section class=\"elementor-section elementor-top-section elementor-element elementor-element-a6d71e2 elementor-section-boxed elementor-section-height-default elementor-section-height-default\" data-id=\"a6d71e2\" data-element_type=\"section\" data-e-type=\"section\">\n\t\t\t\t\t\t<div class=\"elementor-container elementor-column-gap-default\">\n\t\t\t\t\t<div class=\"elementor-column elementor-col-100 elementor-top-column elementor-element elementor-element-c9208e4\" data-id=\"c9208e4\" data-element_type=\"column\" data-e-type=\"column\">\n\t\t\t<div class=\"elementor-widget-wrap elementor-element-populated\">\n\t\t\t\t\t\t<div class=\"elementor-element elementor-element-0d8b96c elementor-widget elementor-widget-text-editor\" data-id=\"0d8b96c\" data-element_type=\"widget\" data-e-type=\"widget\" data-widget_type=\"text-editor.default\">\n\t\t\t\t<div class=\"elementor-widget-container\">\n\t\t\t\t\t\t\t\t\t<p><strong>\u00a0Te formaste en audiovisuales pero terminas en el dise\u00f1o y la ilustraci\u00f3n \u00bfC\u00f3mo y por qu\u00e9 te metiste en estos mundos gr\u00e1fico?<\/strong><\/p><p>S\u00ed, el cine y la animaci\u00f3n siempre han sido una gran inspiraci\u00f3n para m\u00ed. Pero al finalizar la carrera de audiovisuales me di cuenta de que necesitaba una formaci\u00f3n m\u00e1s pr\u00e1ctica para dedicarme a la imagen as\u00ed que opt\u00e9 por estudiar dise\u00f1o gr\u00e1fico, lo cual me dio las herramientas que necesitaba para empezar a trabajar en ello. Aunque al principio hice muchas cosas diferentes, poco a poco he ido centr\u00e1ndome en lo que m\u00e1s me gusta que es la ilustraci\u00f3n y la animaci\u00f3n. Pero sigo realizando encargos muy diversos.\u2028<\/p>\t\t\t\t\t\t\t\t<\/div>\n\t\t\t\t<\/div>\n\t\t\t\t<div class=\"elementor-element elementor-element-8401548 elementor-widget elementor-widget-image\" data-id=\"8401548\" data-element_type=\"widget\" data-e-type=\"widget\" data-widget_type=\"image.default\">\n\t\t\t\t<div class=\"elementor-widget-container\">\n\t\t\t\t\t\t\t\t\t\t\t\t<figure class=\"wp-caption\">\n\t\t\t\t\t\t\t\t\t\t<img decoding=\"async\" width=\"840\" height=\"472\" src=\"https:\/\/www.usandizaga.com\/design\/wp-content\/uploads\/2021\/02\/Janire-Orduna-ilustradora-comicreversible.png\" class=\"attachment-full size-full wp-image-17771\" alt=\"Janire Orduna, ilustradora: comic reversible\" srcset=\"https:\/\/www.usandizaga.com\/design\/wp-content\/uploads\/2021\/02\/Janire-Orduna-ilustradora-comicreversible.png 840w, https:\/\/www.usandizaga.com\/design\/wp-content\/uploads\/2021\/02\/Janire-Orduna-ilustradora-comicreversible-355x199.png 355w, https:\/\/www.usandizaga.com\/design\/wp-content\/uploads\/2021\/02\/Janire-Orduna-ilustradora-comicreversible-768x432.png 768w, https:\/\/www.usandizaga.com\/design\/wp-content\/uploads\/2021\/02\/Janire-Orduna-ilustradora-comicreversible-150x84.png 150w\" sizes=\"(max-width: 840px) 100vw, 840px\" \/>\t\t\t\t\t\t\t\t\t\t\t<figcaption class=\"widget-image-caption wp-caption-text\">Janire Orduna, ilustradora c\u00f3mic reversible<\/figcaption>\n\t\t\t\t\t\t\t\t\t\t<\/figure>\n\t\t\t\t\t\t\t\t\t<\/div>\n\t\t\t\t<\/div>\n\t\t\t\t\t<\/div>\n\t\t<\/div>\n\t\t\t\t\t<\/div>\n\t\t<\/section>\n\t\t\t\t<section class=\"elementor-section elementor-top-section elementor-element elementor-element-5325720 elementor-section-boxed elementor-section-height-default elementor-section-height-default\" data-id=\"5325720\" data-element_type=\"section\" data-e-type=\"section\">\n\t\t\t\t\t\t<div class=\"elementor-container elementor-column-gap-default\">\n\t\t\t\t\t<div class=\"elementor-column elementor-col-100 elementor-top-column elementor-element elementor-element-88ecb60\" data-id=\"88ecb60\" data-element_type=\"column\" data-e-type=\"column\">\n\t\t\t<div class=\"elementor-widget-wrap elementor-element-populated\">\n\t\t\t\t\t\t<div class=\"elementor-element elementor-element-13a6199 elementor-widget elementor-widget-text-editor\" data-id=\"13a6199\" data-element_type=\"widget\" data-e-type=\"widget\" data-widget_type=\"text-editor.default\">\n\t\t\t\t<div class=\"elementor-widget-container\">\n\t\t\t\t\t\t\t\t\t<p><strong>Admiramos tus ilustraciones compuestas por trazos potentes y colores planos \u00bfc\u00f3mo definir\u00edas tus dibujos?<\/strong><\/p><p>Intento que mis dibujos reflejen el mundo de una forma divertida. Me gusta partir de mis propias experiencias, fotograf\u00edas, autorretratos\u2026 Utilizo colores potentes y llamativos aunque la elecci\u00f3n del color siempre me trae quebraderos de cabeza. Tambi\u00e9n es importante para m\u00ed alejarme de los c\u00e1nones de belleza establecidos, por eso tiendo mucho a la curva, al pliegue\u2026\u2028<\/p>\t\t\t\t\t\t\t\t<\/div>\n\t\t\t\t<\/div>\n\t\t\t\t<div class=\"elementor-element elementor-element-781d4dc elementor-widget elementor-widget-image\" data-id=\"781d4dc\" data-element_type=\"widget\" data-e-type=\"widget\" data-widget_type=\"image.default\">\n\t\t\t\t<div class=\"elementor-widget-container\">\n\t\t\t\t\t\t\t\t\t\t\t\t<figure class=\"wp-caption\">\n\t\t\t\t\t\t\t\t\t\t<img decoding=\"async\" width=\"840\" height=\"840\" src=\"https:\/\/www.usandizaga.com\/design\/wp-content\/uploads\/2021\/02\/Janire-Orduna-ilustradora-Tigre-India.jpg\" class=\"attachment-full size-full wp-image-17778\" alt=\"Janire Orduna, ilustradora: Tigre India\" srcset=\"https:\/\/www.usandizaga.com\/design\/wp-content\/uploads\/2021\/02\/Janire-Orduna-ilustradora-Tigre-India.jpg 840w, https:\/\/www.usandizaga.com\/design\/wp-content\/uploads\/2021\/02\/Janire-Orduna-ilustradora-Tigre-India-235x235.jpg 235w, https:\/\/www.usandizaga.com\/design\/wp-content\/uploads\/2021\/02\/Janire-Orduna-ilustradora-Tigre-India-768x768.jpg 768w, https:\/\/www.usandizaga.com\/design\/wp-content\/uploads\/2021\/02\/Janire-Orduna-ilustradora-Tigre-India-640x640.jpg 640w, https:\/\/www.usandizaga.com\/design\/wp-content\/uploads\/2021\/02\/Janire-Orduna-ilustradora-Tigre-India-96x96.jpg 96w, https:\/\/www.usandizaga.com\/design\/wp-content\/uploads\/2021\/02\/Janire-Orduna-ilustradora-Tigre-India-150x150.jpg 150w\" sizes=\"(max-width: 840px) 100vw, 840px\" \/>\t\t\t\t\t\t\t\t\t\t\t<figcaption class=\"widget-image-caption wp-caption-text\">Janire Orduna, ilustradora Tigre India<\/figcaption>\n\t\t\t\t\t\t\t\t\t\t<\/figure>\n\t\t\t\t\t\t\t\t\t<\/div>\n\t\t\t\t<\/div>\n\t\t\t\t\t<\/div>\n\t\t<\/div>\n\t\t\t\t\t<\/div>\n\t\t<\/section>\n\t\t\t\t<section class=\"elementor-section elementor-top-section elementor-element elementor-element-bba95b0 elementor-section-boxed elementor-section-height-default elementor-section-height-default\" data-id=\"bba95b0\" data-element_type=\"section\" data-e-type=\"section\">\n\t\t\t\t\t\t<div class=\"elementor-container elementor-column-gap-default\">\n\t\t\t\t\t<div class=\"elementor-column elementor-col-100 elementor-top-column elementor-element elementor-element-eaff6d9\" data-id=\"eaff6d9\" data-element_type=\"column\" data-e-type=\"column\">\n\t\t\t<div class=\"elementor-widget-wrap elementor-element-populated\">\n\t\t\t\t\t\t<div class=\"elementor-element elementor-element-7dba745 elementor-widget elementor-widget-text-editor\" data-id=\"7dba745\" data-element_type=\"widget\" data-e-type=\"widget\" data-widget_type=\"text-editor.default\">\n\t\t\t\t<div class=\"elementor-widget-container\">\n\t\t\t\t\t\t\t\t\t<p><strong>Somos conscientes de que el dise\u00f1o es el resultado de un proceso bien estructurado y meditado. En tu caso \u00bfCu\u00e1l es ese proceso de trabajo? \u00bfQu\u00e9 herramientas usas para dise\u00f1ar e ilustrar?<\/strong><\/p><p>Siempre hay una primera fase de analizar bien el encargo, parece obvio, pero tener claro qu\u00e9 te piden te ahorra muchas horas de trabajo. Despu\u00e9s busco referencias, sobre todo para encargos de dise\u00f1o me parece interesante ver qu\u00e9 hace la competencia u otras marcas relevantes. En ilustraci\u00f3n intento no mirar demasiados trabajos de otras personas para no \u201ccontaminarme\u201d. Y despu\u00e9s, papel y l\u00e1piz para bocetar u organizar los elementos. Por \u00faltimo, paso al ordenador y me meto con el programa que necesite seg\u00fan el encargo. En mi caso, manejo Photoshop, Illustrator, Indesing, After Effects\u2026 Por eso, var\u00eda mucho el tipo de trabajos que hago.<\/p><p>Y, cuando tengo tiempo suficiente, intento dejar el proyecto un par de d\u00edas en \u201cbarbecho\u201d porque a veces te metes tanto en el proyecto que dejas de ser objetiva. As\u00ed que un poco de espacio te permite volver a \u00e9l y ver si requiere cambios que antes no ve\u00edas.\u2028<\/p>\t\t\t\t\t\t\t\t<\/div>\n\t\t\t\t<\/div>\n\t\t\t\t<div class=\"elementor-element elementor-element-f9ec52d elementor-widget elementor-widget-image\" data-id=\"f9ec52d\" data-element_type=\"widget\" data-e-type=\"widget\" data-widget_type=\"image.default\">\n\t\t\t\t<div class=\"elementor-widget-container\">\n\t\t\t\t\t\t\t\t\t\t\t\t<figure class=\"wp-caption\">\n\t\t\t\t\t\t\t\t\t\t<img loading=\"lazy\" decoding=\"async\" width=\"840\" height=\"610\" src=\"https:\/\/www.usandizaga.com\/design\/wp-content\/uploads\/2021\/02\/Janire-Orduna-ilustradora-Cartel-Bizkaisida.jpg\" class=\"attachment-full size-full wp-image-17770\" alt=\"Janire Orduna, ilustradora: Cartel Bizkaisida\" srcset=\"https:\/\/www.usandizaga.com\/design\/wp-content\/uploads\/2021\/02\/Janire-Orduna-ilustradora-Cartel-Bizkaisida.jpg 840w, https:\/\/www.usandizaga.com\/design\/wp-content\/uploads\/2021\/02\/Janire-Orduna-ilustradora-Cartel-Bizkaisida-324x235.jpg 324w, https:\/\/www.usandizaga.com\/design\/wp-content\/uploads\/2021\/02\/Janire-Orduna-ilustradora-Cartel-Bizkaisida-768x558.jpg 768w, https:\/\/www.usandizaga.com\/design\/wp-content\/uploads\/2021\/02\/Janire-Orduna-ilustradora-Cartel-Bizkaisida-150x109.jpg 150w\" sizes=\"(max-width: 840px) 100vw, 840px\" \/>\t\t\t\t\t\t\t\t\t\t\t<figcaption class=\"widget-image-caption wp-caption-text\">Janire Orduna, ilustradora Cartel Bizkaisida<\/figcaption>\n\t\t\t\t\t\t\t\t\t\t<\/figure>\n\t\t\t\t\t\t\t\t\t<\/div>\n\t\t\t\t<\/div>\n\t\t\t\t\t<\/div>\n\t\t<\/div>\n\t\t\t\t\t<\/div>\n\t\t<\/section>\n\t\t\t\t<section class=\"elementor-section elementor-top-section elementor-element elementor-element-82b6622 elementor-section-boxed elementor-section-height-default elementor-section-height-default\" data-id=\"82b6622\" data-element_type=\"section\" data-e-type=\"section\">\n\t\t\t\t\t\t<div class=\"elementor-container elementor-column-gap-default\">\n\t\t\t\t\t<div class=\"elementor-column elementor-col-100 elementor-top-column elementor-element elementor-element-681a9bc\" data-id=\"681a9bc\" data-element_type=\"column\" data-e-type=\"column\">\n\t\t\t<div class=\"elementor-widget-wrap elementor-element-populated\">\n\t\t\t\t\t\t<div class=\"elementor-element elementor-element-b4aa3eb elementor-widget elementor-widget-text-editor\" data-id=\"b4aa3eb\" data-element_type=\"widget\" data-e-type=\"widget\" data-widget_type=\"text-editor.default\">\n\t\t\t\t<div class=\"elementor-widget-container\">\n\t\t\t\t\t\t\t\t\t<p><strong>La verdad que nos inspiran tus garabatos y dise\u00f1os \u00bfQu\u00e9 ilustradores\/as y dise\u00f1adores\/as te inspiran? \u00bfm\u00e1s cosas que te inspiren?<\/strong><\/p><p>Hoy en d\u00eda es tan f\u00e1cil seguir el trabajo de tanta gente que la lista ser\u00eda infinita pero por nombrar algunas personas de la ilustraci\u00f3n: Marion Fayolle, Victoria Semykina, Ana Bustelo, Mariana A Miser\u00e1vel, Cristina Daura, Jose Roda; y en animaci\u00f3n me gusta mucho el trabajo de Yukai Du y de Ruff Mercy. Y en el dise\u00f1o Ara estudio o Estudio Primo creo que son gente joven y cercana haciendo cosas muy interesantes. Pero principalmente me inspiro mucho viajando y descubriendo el folklore de otros lugares, tambi\u00e9n me gusta fijarme en la moda de la calle, c\u00f3mo viste la gente y leer (novelas, c\u00f3mics, cuentos\u2026) que me evoquen im\u00e1genes.\u2028<\/p>\t\t\t\t\t\t\t\t<\/div>\n\t\t\t\t<\/div>\n\t\t\t\t<div class=\"elementor-element elementor-element-ac4efae elementor-widget elementor-widget-image\" data-id=\"ac4efae\" data-element_type=\"widget\" data-e-type=\"widget\" data-widget_type=\"image.default\">\n\t\t\t\t<div class=\"elementor-widget-container\">\n\t\t\t\t\t\t\t\t\t\t\t\t<figure class=\"wp-caption\">\n\t\t\t\t\t\t\t\t\t\t<img loading=\"lazy\" decoding=\"async\" width=\"840\" height=\"731\" src=\"https:\/\/www.usandizaga.com\/design\/wp-content\/uploads\/2021\/02\/Janire-Orduna-ilustradora-ilustracion-Oaxaca.jpg\" class=\"attachment-full size-full wp-image-17776\" alt=\"Janire Orduna, ilustradora: ilustracion Oaxaca\" srcset=\"https:\/\/www.usandizaga.com\/design\/wp-content\/uploads\/2021\/02\/Janire-Orduna-ilustradora-ilustracion-Oaxaca.jpg 840w, https:\/\/www.usandizaga.com\/design\/wp-content\/uploads\/2021\/02\/Janire-Orduna-ilustradora-ilustracion-Oaxaca-270x235.jpg 270w, https:\/\/www.usandizaga.com\/design\/wp-content\/uploads\/2021\/02\/Janire-Orduna-ilustradora-ilustracion-Oaxaca-768x668.jpg 768w, https:\/\/www.usandizaga.com\/design\/wp-content\/uploads\/2021\/02\/Janire-Orduna-ilustradora-ilustracion-Oaxaca-150x131.jpg 150w\" sizes=\"(max-width: 840px) 100vw, 840px\" \/>\t\t\t\t\t\t\t\t\t\t\t<figcaption class=\"widget-image-caption wp-caption-text\">Janire Orduna, ilustradora ilustracion Oaxaca<\/figcaption>\n\t\t\t\t\t\t\t\t\t\t<\/figure>\n\t\t\t\t\t\t\t\t\t<\/div>\n\t\t\t\t<\/div>\n\t\t\t\t\t<\/div>\n\t\t<\/div>\n\t\t\t\t\t<\/div>\n\t\t<\/section>\n\t\t\t\t<section class=\"elementor-section elementor-top-section elementor-element elementor-element-7fb0667 elementor-section-boxed elementor-section-height-default elementor-section-height-default\" data-id=\"7fb0667\" data-element_type=\"section\" data-e-type=\"section\">\n\t\t\t\t\t\t<div class=\"elementor-container elementor-column-gap-default\">\n\t\t\t\t\t<div class=\"elementor-column elementor-col-100 elementor-top-column elementor-element elementor-element-7773f3d\" data-id=\"7773f3d\" data-element_type=\"column\" data-e-type=\"column\">\n\t\t\t<div class=\"elementor-widget-wrap elementor-element-populated\">\n\t\t\t\t\t\t<div class=\"elementor-element elementor-element-33ce587 elementor-widget elementor-widget-text-editor\" data-id=\"33ce587\" data-element_type=\"widget\" data-e-type=\"widget\" data-widget_type=\"text-editor.default\">\n\t\t\t\t<div class=\"elementor-widget-container\">\n\t\t\t\t\t\t\t\t\t<p><strong>Te seguimos encantadas en el proyecto muslamen disfrutando de esas ilustraciones tan descaradas \u00bfqu\u00e9 nos puedes contar de ello?<\/strong><\/p><p>Es mi proyecto m\u00e1s personal, empec\u00e9 con esta cuenta de Instagram para dar rienda suelta a ideas que me apetec\u00eda hacer sin depender de encargos que viniesen de fuera. Y esto me permite ense\u00f1ar ilustraciones, animaciones, incluso peque\u00f1as vi\u00f1etas basadas en experiencias personales que me divierten y me ayudan a mantener la costumbre de dibujar. Adem\u00e1s, he abierto una tienda online para dar salida a estas creaciones.\u2028<\/p>\t\t\t\t\t\t\t\t<\/div>\n\t\t\t\t<\/div>\n\t\t\t\t<div class=\"elementor-element elementor-element-79021e7 elementor-widget elementor-widget-image\" data-id=\"79021e7\" data-element_type=\"widget\" data-e-type=\"widget\" data-widget_type=\"image.default\">\n\t\t\t\t<div class=\"elementor-widget-container\">\n\t\t\t\t\t\t\t\t\t\t\t\t<figure class=\"wp-caption\">\n\t\t\t\t\t\t\t\t\t\t<img loading=\"lazy\" decoding=\"async\" width=\"840\" height=\"840\" src=\"https:\/\/www.usandizaga.com\/design\/wp-content\/uploads\/2021\/02\/Janire-Orduna-ilustradora-Ilustracion-ibiza.jpg\" class=\"attachment-full size-full wp-image-17775\" alt=\"Janire Orduna, ilustradora: Ilustracion ibiza\" srcset=\"https:\/\/www.usandizaga.com\/design\/wp-content\/uploads\/2021\/02\/Janire-Orduna-ilustradora-Ilustracion-ibiza.jpg 840w, https:\/\/www.usandizaga.com\/design\/wp-content\/uploads\/2021\/02\/Janire-Orduna-ilustradora-Ilustracion-ibiza-235x235.jpg 235w, https:\/\/www.usandizaga.com\/design\/wp-content\/uploads\/2021\/02\/Janire-Orduna-ilustradora-Ilustracion-ibiza-768x768.jpg 768w, https:\/\/www.usandizaga.com\/design\/wp-content\/uploads\/2021\/02\/Janire-Orduna-ilustradora-Ilustracion-ibiza-640x640.jpg 640w, https:\/\/www.usandizaga.com\/design\/wp-content\/uploads\/2021\/02\/Janire-Orduna-ilustradora-Ilustracion-ibiza-96x96.jpg 96w, https:\/\/www.usandizaga.com\/design\/wp-content\/uploads\/2021\/02\/Janire-Orduna-ilustradora-Ilustracion-ibiza-150x150.jpg 150w\" sizes=\"(max-width: 840px) 100vw, 840px\" \/>\t\t\t\t\t\t\t\t\t\t\t<figcaption class=\"widget-image-caption wp-caption-text\">Janire Orduna, ilustradora Ilustracion ibiza<\/figcaption>\n\t\t\t\t\t\t\t\t\t\t<\/figure>\n\t\t\t\t\t\t\t\t\t<\/div>\n\t\t\t\t<\/div>\n\t\t\t\t\t<\/div>\n\t\t<\/div>\n\t\t\t\t\t<\/div>\n\t\t<\/section>\n\t\t\t\t<section class=\"elementor-section elementor-top-section elementor-element elementor-element-3085284 elementor-section-boxed elementor-section-height-default elementor-section-height-default\" data-id=\"3085284\" data-element_type=\"section\" data-e-type=\"section\">\n\t\t\t\t\t\t<div class=\"elementor-container elementor-column-gap-default\">\n\t\t\t\t\t<div class=\"elementor-column elementor-col-100 elementor-top-column elementor-element elementor-element-a7a1110\" data-id=\"a7a1110\" data-element_type=\"column\" data-e-type=\"column\">\n\t\t\t<div class=\"elementor-widget-wrap elementor-element-populated\">\n\t\t\t\t\t\t<div class=\"elementor-element elementor-element-2ef9557 elementor-widget elementor-widget-text-editor\" data-id=\"2ef9557\" data-element_type=\"widget\" data-e-type=\"widget\" data-widget_type=\"text-editor.default\">\n\t\t\t\t<div class=\"elementor-widget-container\">\n\t\t\t\t\t\t\t\t\t<p><strong>Por otra parte vemos que tambi\u00e9n has formado junto con Bea Aparicio el proyecto <a title=\"Femgarabat\" href=\"http:\/\/www.femgarabat.com\/\" target=\"_blank\" rel=\"noopener\" data-wplink-edit=\"true\">Femgarabat<\/a> \u00bfqu\u00e9 nos puedes contar de esa colaboraci\u00f3n?<\/strong><\/p><p>Bea y yo nos conocimos dibujando y nos sent\u00edamos con muchas ganas de unir esta pasi\u00f3n con el feminismo as\u00ed que empezamos a hacer relator\u00edas gr\u00e1ficas con una visi\u00f3n feminista. El proyecto ha ido interesando y creciendo. Ahora tambi\u00e9n queremos abarcar la pr\u00e1ctica colaborativa y hacemos talleres y formaciones que nos permiten crear otras redes. Para m\u00ed es importante trabajar en colaboraci\u00f3n y tratar de involucrarme socialmente con mis proyectos y ver que\u00a0<span style=\"font-size: 19.2px;\"><a title=\"Femgarabat\" href=\"http:\/\/www.femgarabat.com\/\" target=\"_blank\" rel=\"noopener\">Femgarabat<\/a><\/span>\u00a0est\u00e1 siendo muy bien acogido es un placer.\u2028<\/p>\t\t\t\t\t\t\t\t<\/div>\n\t\t\t\t<\/div>\n\t\t\t\t<div class=\"elementor-element elementor-element-de899aa elementor-widget elementor-widget-image\" data-id=\"de899aa\" data-element_type=\"widget\" data-e-type=\"widget\" data-widget_type=\"image.default\">\n\t\t\t\t<div class=\"elementor-widget-container\">\n\t\t\t\t\t\t\t\t\t\t\t\t<figure class=\"wp-caption\">\n\t\t\t\t\t\t\t\t\t\t<img loading=\"lazy\" decoding=\"async\" width=\"840\" height=\"695\" src=\"https:\/\/www.usandizaga.com\/design\/wp-content\/uploads\/2021\/02\/Janire-Orduna-ilustradora-femgarabat.jpg\" class=\"attachment-full size-full wp-image-17773\" alt=\"Janire Orduna, ilustradora: femgarabat\" srcset=\"https:\/\/www.usandizaga.com\/design\/wp-content\/uploads\/2021\/02\/Janire-Orduna-ilustradora-femgarabat.jpg 840w, https:\/\/www.usandizaga.com\/design\/wp-content\/uploads\/2021\/02\/Janire-Orduna-ilustradora-femgarabat-284x235.jpg 284w, https:\/\/www.usandizaga.com\/design\/wp-content\/uploads\/2021\/02\/Janire-Orduna-ilustradora-femgarabat-768x635.jpg 768w, https:\/\/www.usandizaga.com\/design\/wp-content\/uploads\/2021\/02\/Janire-Orduna-ilustradora-femgarabat-150x124.jpg 150w\" sizes=\"(max-width: 840px) 100vw, 840px\" \/>\t\t\t\t\t\t\t\t\t\t\t<figcaption class=\"widget-image-caption wp-caption-text\">Janire Orduna, ilustradora femgarabat<\/figcaption>\n\t\t\t\t\t\t\t\t\t\t<\/figure>\n\t\t\t\t\t\t\t\t\t<\/div>\n\t\t\t\t<\/div>\n\t\t\t\t\t<\/div>\n\t\t<\/div>\n\t\t\t\t\t<\/div>\n\t\t<\/section>\n\t\t\t\t<section class=\"elementor-section elementor-top-section elementor-element elementor-element-305fe07 elementor-section-boxed elementor-section-height-default elementor-section-height-default\" data-id=\"305fe07\" data-element_type=\"section\" data-e-type=\"section\">\n\t\t\t\t\t\t<div class=\"elementor-container elementor-column-gap-default\">\n\t\t\t\t\t<div class=\"elementor-column elementor-col-100 elementor-top-column elementor-element elementor-element-4a02be8\" data-id=\"4a02be8\" data-element_type=\"column\" data-e-type=\"column\">\n\t\t\t<div class=\"elementor-widget-wrap elementor-element-populated\">\n\t\t\t\t\t\t<div class=\"elementor-element elementor-element-ca13b96 elementor-widget elementor-widget-text-editor\" data-id=\"ca13b96\" data-element_type=\"widget\" data-e-type=\"widget\" data-widget_type=\"text-editor.default\">\n\t\t\t\t<div class=\"elementor-widget-container\">\n\t\t\t\t\t\t\t\t\t<p><strong>Qu\u00e9 ilustraciones tienes entre manos? \u00bfproyectos futuros que nos quieras contar?<\/strong><\/p>\n<p>Ahora mismo, de forma personal, estoy haciendo una peque\u00f1a serie de ilustraciones que tiene que ver con el desamor en la adolescencia. Pero tambi\u00e9n ando metida en un proyecto m\u00e1s experimental que a\u00fana m\u00fasica, dibujo e improvisaci\u00f3n junto con un grupo de mujeres maravillosas y que en abril mostraremos al p\u00fablico: @improvisaciones_ilustradas.<\/p>\t\t\t\t\t\t\t\t<\/div>\n\t\t\t\t<\/div>\n\t\t\t\t<div class=\"elementor-element elementor-element-2a056f5 elementor-widget elementor-widget-image\" data-id=\"2a056f5\" data-element_type=\"widget\" data-e-type=\"widget\" data-widget_type=\"image.default\">\n\t\t\t\t<div class=\"elementor-widget-container\">\n\t\t\t\t\t\t\t\t\t\t\t\t<figure class=\"wp-caption\">\n\t\t\t\t\t\t\t\t\t\t<img loading=\"lazy\" decoding=\"async\" width=\"840\" height=\"1192\" src=\"https:\/\/www.usandizaga.com\/design\/wp-content\/uploads\/2021\/02\/Janire-Orduna-ilustradora-dibujo-del-natural-mujer.jpg\" class=\"attachment-full size-full wp-image-17772\" alt=\"Janire Orduna, ilustradora dibujo del natural mujer\" srcset=\"https:\/\/www.usandizaga.com\/design\/wp-content\/uploads\/2021\/02\/Janire-Orduna-ilustradora-dibujo-del-natural-mujer.jpg 840w, https:\/\/www.usandizaga.com\/design\/wp-content\/uploads\/2021\/02\/Janire-Orduna-ilustradora-dibujo-del-natural-mujer-166x235.jpg 166w, https:\/\/www.usandizaga.com\/design\/wp-content\/uploads\/2021\/02\/Janire-Orduna-ilustradora-dibujo-del-natural-mujer-733x1040.jpg 733w, https:\/\/www.usandizaga.com\/design\/wp-content\/uploads\/2021\/02\/Janire-Orduna-ilustradora-dibujo-del-natural-mujer-768x1090.jpg 768w, https:\/\/www.usandizaga.com\/design\/wp-content\/uploads\/2021\/02\/Janire-Orduna-ilustradora-dibujo-del-natural-mujer-150x213.jpg 150w\" sizes=\"(max-width: 840px) 100vw, 840px\" \/>\t\t\t\t\t\t\t\t\t\t\t<figcaption class=\"widget-image-caption wp-caption-text\">Janire Orduna, ilustradora dibujo del natural mujer<\/figcaption>\n\t\t\t\t\t\t\t\t\t\t<\/figure>\n\t\t\t\t\t\t\t\t\t<\/div>\n\t\t\t\t<\/div>\n\t\t\t\t\t<\/div>\n\t\t<\/div>\n\t\t\t\t\t<\/div>\n\t\t<\/section>\n\t\t\t\t<section class=\"elementor-section elementor-top-section elementor-element elementor-element-f0eb25c elementor-section-boxed elementor-section-height-default elementor-section-height-default\" data-id=\"f0eb25c\" data-element_type=\"section\" data-e-type=\"section\">\n\t\t\t\t\t\t<div class=\"elementor-container elementor-column-gap-default\">\n\t\t\t\t\t<div class=\"elementor-column elementor-col-100 elementor-top-column elementor-element elementor-element-9000bc9\" data-id=\"9000bc9\" data-element_type=\"column\" data-e-type=\"column\">\n\t\t\t<div class=\"elementor-widget-wrap elementor-element-populated\">\n\t\t\t\t\t\t<div class=\"elementor-element elementor-element-5941687 elementor-widget elementor-widget-text-editor\" data-id=\"5941687\" data-element_type=\"widget\" data-e-type=\"widget\" data-widget_type=\"text-editor.default\">\n\t\t\t\t<div class=\"elementor-widget-container\">\n\t\t\t\t\t\t\t\t\t<p><strong>Parece que estamos en una \u00e9poca de cambios \u00bfC\u00f3mo ves el mundo de la ilustraci\u00f3n actual? \u00bfy el dise\u00f1o? \u00bfqu\u00e9 crees que puede venir en el futuro?<\/strong><\/p><p>La situaci\u00f3n actual es muy complicada casi en cualquier sector y la profesi\u00f3n de ilustradora nunca ha sido especialmente f\u00e1cil. Pero cada vez pasamos m\u00e1s tiempo viendo redes sociales, webs, v\u00eddeojuegos\u2026 Nuestro nivel de concentraci\u00f3n ha deca\u00eddo dr\u00e1sticamente con la aparici\u00f3n de Internet por lo que la comunicaci\u00f3n gr\u00e1fica se va haciendo m\u00e1s y m\u00e1s indispensable, la gente necesita que sus mensajes sean atractivos. Creo que ah\u00ed hay un hueco que podemos y debemos aprovechar. Eso s\u00ed, creo que hay que estar abiertas a probar nuevas herramientas y formatos.\u2028<\/p>\t\t\t\t\t\t\t\t<\/div>\n\t\t\t\t<\/div>\n\t\t\t\t<div class=\"elementor-element elementor-element-99e6aaa elementor-widget elementor-widget-image\" data-id=\"99e6aaa\" data-element_type=\"widget\" data-e-type=\"widget\" data-widget_type=\"image.default\">\n\t\t\t\t<div class=\"elementor-widget-container\">\n\t\t\t\t\t\t\t\t\t\t\t\t<figure class=\"wp-caption\">\n\t\t\t\t\t\t\t\t\t\t<img loading=\"lazy\" decoding=\"async\" width=\"840\" height=\"560\" src=\"https:\/\/www.usandizaga.com\/design\/wp-content\/uploads\/2021\/02\/Janire-Orduna-ilustradora-Cartel-8M.jpg\" class=\"attachment-full size-full wp-image-17769\" alt=\"Janire Orduna, ilustradora: Cartel 8M\" srcset=\"https:\/\/www.usandizaga.com\/design\/wp-content\/uploads\/2021\/02\/Janire-Orduna-ilustradora-Cartel-8M.jpg 840w, https:\/\/www.usandizaga.com\/design\/wp-content\/uploads\/2021\/02\/Janire-Orduna-ilustradora-Cartel-8M-353x235.jpg 353w, https:\/\/www.usandizaga.com\/design\/wp-content\/uploads\/2021\/02\/Janire-Orduna-ilustradora-Cartel-8M-768x512.jpg 768w, https:\/\/www.usandizaga.com\/design\/wp-content\/uploads\/2021\/02\/Janire-Orduna-ilustradora-Cartel-8M-150x100.jpg 150w\" sizes=\"(max-width: 840px) 100vw, 840px\" \/>\t\t\t\t\t\t\t\t\t\t\t<figcaption class=\"widget-image-caption wp-caption-text\">Janire Orduna, ilustradora Cartel 8M<\/figcaption>\n\t\t\t\t\t\t\t\t\t\t<\/figure>\n\t\t\t\t\t\t\t\t\t<\/div>\n\t\t\t\t<\/div>\n\t\t\t\t\t<\/div>\n\t\t<\/div>\n\t\t\t\t\t<\/div>\n\t\t<\/section>\n\t\t\t\t<section class=\"elementor-section elementor-top-section elementor-element elementor-element-4b48eca elementor-section-boxed elementor-section-height-default elementor-section-height-default\" data-id=\"4b48eca\" data-element_type=\"section\" data-e-type=\"section\">\n\t\t\t\t\t\t<div class=\"elementor-container elementor-column-gap-default\">\n\t\t\t\t\t<div class=\"elementor-column elementor-col-100 elementor-top-column elementor-element elementor-element-2dd302b\" data-id=\"2dd302b\" data-element_type=\"column\" data-e-type=\"column\">\n\t\t\t<div class=\"elementor-widget-wrap elementor-element-populated\">\n\t\t\t\t\t\t<div class=\"elementor-element elementor-element-cfefc55 elementor-widget elementor-widget-text-editor\" data-id=\"cfefc55\" data-element_type=\"widget\" data-e-type=\"widget\" data-widget_type=\"text-editor.default\">\n\t\t\t\t<div class=\"elementor-widget-container\">\n\t\t\t\t\t\t\t\t\t<p><strong>Y para cerrar esta entrevista \u00bfqu\u00e9 les dir\u00edas a futuros\/as dise\u00f1adores\/as y dibujantes?\u2028<\/strong><\/p><p>Que exploren y conf\u00eden en sus propias posibilidades porque estamos muy expuestas a las opiniones ajenas as\u00ed que la confianza en lo que te gusta hacer es b\u00e1sica.<\/p><p>Buscar referentes en otros \u00e1mbitos de trabajo y sinergias con personas que tienes cerca tambi\u00e9n es interesante. Y, en mi caso, manejar muchas herramientas me ha permitido mantenerme y abrir puertas diferentes, por eso creo que nunca hay que dejar de aprender.<\/p>\t\t\t\t\t\t\t\t<\/div>\n\t\t\t\t<\/div>\n\t\t\t\t<div class=\"elementor-element elementor-element-c6936e4 elementor-widget elementor-widget-image\" data-id=\"c6936e4\" data-element_type=\"widget\" data-e-type=\"widget\" data-widget_type=\"image.default\">\n\t\t\t\t<div class=\"elementor-widget-container\">\n\t\t\t\t\t\t\t\t\t\t\t\t<figure class=\"wp-caption\">\n\t\t\t\t\t\t\t\t\t\t<img loading=\"lazy\" decoding=\"async\" width=\"840\" height=\"473\" src=\"https:\/\/www.usandizaga.com\/design\/wp-content\/uploads\/2021\/02\/Janire-Orduna-ilustradora-ilustraci\u00f3n-desamor0.jpg\" class=\"attachment-full size-full wp-image-17774\" alt=\"Janire Orduna, ilustradora: ilustraci\u00f3n desamor0\" srcset=\"https:\/\/www.usandizaga.com\/design\/wp-content\/uploads\/2021\/02\/Janire-Orduna-ilustradora-ilustraci\u00f3n-desamor0.jpg 840w, https:\/\/www.usandizaga.com\/design\/wp-content\/uploads\/2021\/02\/Janire-Orduna-ilustradora-ilustraci\u00f3n-desamor0-355x200.jpg 355w, https:\/\/www.usandizaga.com\/design\/wp-content\/uploads\/2021\/02\/Janire-Orduna-ilustradora-ilustraci\u00f3n-desamor0-768x432.jpg 768w, https:\/\/www.usandizaga.com\/design\/wp-content\/uploads\/2021\/02\/Janire-Orduna-ilustradora-ilustraci\u00f3n-desamor0-150x84.jpg 150w\" sizes=\"(max-width: 840px) 100vw, 840px\" \/>\t\t\t\t\t\t\t\t\t\t\t<figcaption class=\"widget-image-caption wp-caption-text\">Janire Orduna, ilustradora ilustraci\u00f3n desamor0<\/figcaption>\n\t\t\t\t\t\t\t\t\t\t<\/figure>\n\t\t\t\t\t\t\t\t\t<\/div>\n\t\t\t\t<\/div>\n\t\t\t\t\t<\/div>\n\t\t<\/div>\n\t\t\t\t\t<\/div>\n\t\t<\/section>\n\t\t\t\t<\/div>\n\t\t","protected":false},"excerpt":{"rendered":"<p>dibujanta empedernida Janire Orduna es una ilustradora y dise\u00f1adora que vive en Bilbao. Realiza animaciones, ilustraciones y muchos otros proyectos gr\u00e1ficos interesantes. Licenciada en Comunicaci\u00f3n Audiovisual, pero decid\u00e9 seguir su &#8230; <a title=\"Janire Orduna\" class=\"read-more\" href=\"https:\/\/www.usandizaga.com\/design\/janire-orduna\/\" aria-label=\"Leer m\u00e1s sobre Janire Orduna\">+info<\/a><\/p>\n","protected":false},"author":1,"featured_media":17800,"comment_status":"closed","ping_status":"closed","sticky":false,"template":"","format":"standard","meta":{"generate_page_header":"","footnotes":""},"categories":[191],"tags":[284],"class_list":["post-17757","post","type-post","status-publish","format-standard","has-post-thumbnail","hentry","category-entrevistas-creativas","tag-ilustracion","generate-columns","tablet-grid-50","mobile-grid-100","grid-parent","grid-33","resize-featured-image"],"lang":"es","translations":{"es":17757},"pll_sync_post":[],"_links":{"self":[{"href":"https:\/\/www.usandizaga.com\/design\/wp-json\/wp\/v2\/posts\/17757","targetHints":{"allow":["GET"]}}],"collection":[{"href":"https:\/\/www.usandizaga.com\/design\/wp-json\/wp\/v2\/posts"}],"about":[{"href":"https:\/\/www.usandizaga.com\/design\/wp-json\/wp\/v2\/types\/post"}],"author":[{"embeddable":true,"href":"https:\/\/www.usandizaga.com\/design\/wp-json\/wp\/v2\/users\/1"}],"replies":[{"embeddable":true,"href":"https:\/\/www.usandizaga.com\/design\/wp-json\/wp\/v2\/comments?post=17757"}],"version-history":[{"count":0,"href":"https:\/\/www.usandizaga.com\/design\/wp-json\/wp\/v2\/posts\/17757\/revisions"}],"wp:featuredmedia":[{"embeddable":true,"href":"https:\/\/www.usandizaga.com\/design\/wp-json\/wp\/v2\/media\/17800"}],"wp:attachment":[{"href":"https:\/\/www.usandizaga.com\/design\/wp-json\/wp\/v2\/media?parent=17757"}],"wp:term":[{"taxonomy":"category","embeddable":true,"href":"https:\/\/www.usandizaga.com\/design\/wp-json\/wp\/v2\/categories?post=17757"},{"taxonomy":"post_tag","embeddable":true,"href":"https:\/\/www.usandizaga.com\/design\/wp-json\/wp\/v2\/tags?post=17757"}],"curies":[{"name":"wp","href":"https:\/\/api.w.org\/{rel}","templated":true}]}}