{"id":19599,"date":"2022-04-25T12:02:10","date_gmt":"2022-04-25T10:02:10","guid":{"rendered":"https:\/\/www.usandizaga.com\/design\/?p=19599"},"modified":"2022-06-14T10:34:47","modified_gmt":"2022-06-14T08:34:47","slug":"sara-morante","status":"publish","type":"post","link":"https:\/\/www.usandizaga.com\/design\/eu\/sara-morante\/","title":{"rendered":"SARA MORANTE"},"content":{"rendered":"\t\t<div data-elementor-type=\"wp-post\" data-elementor-id=\"19599\" class=\"elementor elementor-19599\" data-elementor-post-type=\"post\">\n\t\t\t\t\t\t<article class=\"elementor-section elementor-top-section elementor-element elementor-element-7a119e8 elementor-section-height-min-height elementor-section-boxed elementor-section-height-default elementor-section-items-middle\" data-id=\"7a119e8\" data-element_type=\"section\" data-e-type=\"section\" data-settings=\"{&quot;background_background&quot;:&quot;classic&quot;}\">\n\t\t\t\t\t\t<div class=\"elementor-container elementor-column-gap-no\">\n\t\t\t\t\t<div class=\"elementor-column elementor-col-100 elementor-top-column elementor-element elementor-element-3249a9e\" data-id=\"3249a9e\" data-element_type=\"column\" data-e-type=\"column\">\n\t\t\t<div class=\"elementor-widget-wrap\">\n\t\t\t\t\t\t\t<\/div>\n\t\t<\/div>\n\t\t\t\t\t<\/div>\n\t\t<\/article>\n\t\t\t\t<article class=\"elementor-section elementor-top-section elementor-element elementor-element-b63df0e elementor-section-content-middle elementor-section-boxed elementor-section-height-default elementor-section-height-default\" data-id=\"b63df0e\" data-element_type=\"section\" data-e-type=\"section\">\n\t\t\t\t\t\t<div class=\"elementor-container elementor-column-gap-no\">\n\t\t\t\t\t<div class=\"elementor-column elementor-col-100 elementor-top-column elementor-element elementor-element-322672ad\" data-id=\"322672ad\" data-element_type=\"column\" data-e-type=\"column\">\n\t\t\t<div class=\"elementor-widget-wrap elementor-element-populated\">\n\t\t\t\t\t\t<div class=\"elementor-element elementor-element-31ad605c elementor-widget elementor-widget-theme-post-title elementor-page-title elementor-widget-heading\" data-id=\"31ad605c\" data-element_type=\"widget\" data-e-type=\"widget\" data-widget_type=\"theme-post-title.default\">\n\t\t\t\t<div class=\"elementor-widget-container\">\n\t\t\t\t\t<h1 class=\"elementor-heading-title elementor-size-xxl\">SARA MORANTE<\/h1>\t\t\t\t<\/div>\n\t\t\t\t<\/div>\n\t\t\t\t<div class=\"elementor-element elementor-element-bc576d7 elementor-widget elementor-widget-heading\" data-id=\"bc576d7\" data-element_type=\"widget\" data-e-type=\"widget\" data-widget_type=\"heading.default\">\n\t\t\t\t<div class=\"elementor-widget-container\">\n\t\t\t\t\t<h2 class=\"elementor-heading-title elementor-size-default\">idazle eta ilustratzaile nekaezina<\/h2>\t\t\t\t<\/div>\n\t\t\t\t<\/div>\n\t\t\t\t<div class=\"elementor-element elementor-element-5cdbdf64 elementor-widget elementor-widget-text-editor\" data-id=\"5cdbdf64\" data-element_type=\"widget\" data-e-type=\"widget\" data-widget_type=\"text-editor.default\">\n\t\t\t\t<div class=\"elementor-widget-container\">\n\t\t\t\t\t\t\t\t\t<p>Sara Morante sortzaile nekaezina da, polifazetikoa, indarra eta estiloa duen ilustratzailea. Nobela, ipuin, olerki eta saiakera, azalak, prentsa, publizitatea, ehungintza sortzailea eta idazlea ere ilustratzailea.<br \/>Bere marrazkiek beren sotiltasun eta xehetasun sentikorretan hipnotizatzen dute. Sorginkeria grafiko moduko bat, amets baten moduko espazio batera, leku imajinatu eta atmosferiko batera garraiatzen gaituena.<br \/>Bere lana berrogeita hamar liburu azaletan baino gehiagotan ikus daiteke. Horien artean Carson McCullersen lana dago gaztelaniazko edizioan. 2008an, Kantabriako Gobernuak Arte Gaztearen Sari Nazionala eman zion Ilustrazio atalean. 2012an Euskadi Ilustrazio Saria eman zioten La flor Roja lanagatik.<br \/>Egile gisa, La vida de las pared eta Flor fan\u00e9 idatzi eta ilustratu ditu. Madrilgo Liburu Azokako kartelaren egilea izan zen 2019ko edizioan.Banaka zein taldeka erakusketa ugaritan parte hartu du. Horrez gain, prentsan eta publizitatean elkarlanean dabil eta ilustrazioari buruzko ikastaroak eta mintegiak ematen ditu.<\/p><p>Gaur, plazer bat da marrazkilari handi hau orrialde hauetara ekartzea: Sara Morante.<\/p>\t\t\t\t\t\t\t\t<\/div>\n\t\t\t\t<\/div>\n\t\t\t\t<section class=\"elementor-section elementor-inner-section elementor-element elementor-element-133e16b1 elementor-section-content-middle elementor-section-boxed elementor-section-height-default elementor-section-height-default\" data-id=\"133e16b1\" data-element_type=\"section\" data-e-type=\"section\">\n\t\t\t\t\t\t<div class=\"elementor-container elementor-column-gap-no\">\n\t\t\t\t\t<div class=\"elementor-column elementor-col-100 elementor-inner-column elementor-element elementor-element-1cce2867\" data-id=\"1cce2867\" data-element_type=\"column\" data-e-type=\"column\">\n\t\t\t<div class=\"elementor-widget-wrap elementor-element-populated\">\n\t\t\t\t\t\t<div class=\"elementor-element elementor-element-7617bffa elementor-align-center elementor-widget elementor-widget-button\" data-id=\"7617bffa\" data-element_type=\"widget\" data-e-type=\"widget\" data-widget_type=\"button.default\">\n\t\t\t\t<div class=\"elementor-widget-container\">\n\t\t\t\t\t\t\t\t\t<div class=\"elementor-button-wrapper\">\n\t\t\t\t\t<a class=\"elementor-button elementor-button-link elementor-size-sm elementor-animation-grow\" href=\"http:\/\/saramorante.com\/home\" target=\"_blank\" rel=\"noopener\">\n\t\t\t\t\t\t<span class=\"elementor-button-content-wrapper\">\n\t\t\t\t\t\t\t\t\t<span class=\"elementor-button-text\">saramorante.com<\/span>\n\t\t\t\t\t<\/span>\n\t\t\t\t\t<\/a>\n\t\t\t\t<\/div>\n\t\t\t\t\t\t\t\t<\/div>\n\t\t\t\t<\/div>\n\t\t\t\t<div class=\"elementor-element elementor-element-6e595e00 elementor-align-center elementor-widget elementor-widget-button\" data-id=\"6e595e00\" data-element_type=\"widget\" data-e-type=\"widget\" data-widget_type=\"button.default\">\n\t\t\t\t<div class=\"elementor-widget-container\">\n\t\t\t\t\t\t\t\t\t<div class=\"elementor-button-wrapper\">\n\t\t\t\t\t<a class=\"elementor-button elementor-button-link elementor-size-sm elementor-animation-grow\" href=\"https:\/\/www.instagram.com\/saramorante\/\" target=\"_blank\" rel=\"noopener\">\n\t\t\t\t\t\t<span class=\"elementor-button-content-wrapper\">\n\t\t\t\t\t\t\t\t\t<span class=\"elementor-button-text\">www.instagram.com\/saramorante\/<\/span>\n\t\t\t\t\t<\/span>\n\t\t\t\t\t<\/a>\n\t\t\t\t<\/div>\n\t\t\t\t\t\t\t\t<\/div>\n\t\t\t\t<\/div>\n\t\t\t\t\t<\/div>\n\t\t<\/div>\n\t\t\t\t\t<\/div>\n\t\t<\/section>\n\t\t\t\t\t<\/div>\n\t\t<\/div>\n\t\t\t\t\t<\/div>\n\t\t<\/article>\n\t\t\t\t<article class=\"elementor-section elementor-top-section elementor-element elementor-element-6c5c7938 elementor-section-boxed elementor-section-height-default elementor-section-height-default\" data-id=\"6c5c7938\" data-element_type=\"section\" data-e-type=\"section\">\n\t\t\t\t\t\t<div class=\"elementor-container elementor-column-gap-default\">\n\t\t\t\t\t<div class=\"elementor-column elementor-col-100 elementor-top-column elementor-element elementor-element-3e3a2f33\" data-id=\"3e3a2f33\" data-element_type=\"column\" data-e-type=\"column\">\n\t\t\t<div class=\"elementor-widget-wrap elementor-element-populated\">\n\t\t\t\t\t\t<div class=\"elementor-element elementor-element-196f0056 elementor-widget elementor-widget-text-editor\" data-id=\"196f0056\" data-element_type=\"widget\" data-e-type=\"widget\" data-widget_type=\"text-editor.default\">\n\t\t\t\t<div class=\"elementor-widget-container\">\n\t\t\t\t\t\t\t\t\t<p><strong>Hasteko, nor da Sara Morante, nola definitzen duzu zure burua?<\/strong><\/p><p>Hendaian bizi den ilustratzaile eta idazle kantabriarra naiz.<\/p>\t\t\t\t\t\t\t\t<\/div>\n\t\t\t\t<\/div>\n\t\t\t\t<div class=\"elementor-element elementor-element-12b751b4 elementor-widget elementor-widget-image\" data-id=\"12b751b4\" data-element_type=\"widget\" data-e-type=\"widget\" data-widget_type=\"image.default\">\n\t\t\t\t<div class=\"elementor-widget-container\">\n\t\t\t\t\t\t\t\t\t\t\t\t<figure class=\"wp-caption\">\n\t\t\t\t\t\t\t\t\t\t<img fetchpriority=\"high\" decoding=\"async\" width=\"960\" height=\"960\" src=\"https:\/\/www.usandizaga.com\/design\/wp-content\/uploads\/2022\/02\/Ilustraci\u00f3n-Sara-Morante-enredada-en-Proyectos-y-ramajes-960x960.jpg\" class=\"attachment-large size-large wp-image-18544\" alt=\"Ilustraci\u00f3n Sara Morante, enredada en Proyectos y ramajes\" srcset=\"https:\/\/www.usandizaga.com\/design\/wp-content\/uploads\/2022\/02\/Ilustraci\u00f3n-Sara-Morante-enredada-en-Proyectos-y-ramajes-960x960.jpg 960w, https:\/\/www.usandizaga.com\/design\/wp-content\/uploads\/2022\/02\/Ilustraci\u00f3n-Sara-Morante-enredada-en-Proyectos-y-ramajes-235x235.jpg 235w, https:\/\/www.usandizaga.com\/design\/wp-content\/uploads\/2022\/02\/Ilustraci\u00f3n-Sara-Morante-enredada-en-Proyectos-y-ramajes-768x768.jpg 768w, https:\/\/www.usandizaga.com\/design\/wp-content\/uploads\/2022\/02\/Ilustraci\u00f3n-Sara-Morante-enredada-en-Proyectos-y-ramajes.jpg 1240w\" sizes=\"(max-width: 960px) 100vw, 960px\" \/>\t\t\t\t\t\t\t\t\t\t\t<figcaption class=\"widget-image-caption wp-caption-text\">Ilustraci\u00f3n Sara Morante, enredada en Proyectos y ramajes.<\/figcaption>\n\t\t\t\t\t\t\t\t\t\t<\/figure>\n\t\t\t\t\t\t\t\t\t<\/div>\n\t\t\t\t<\/div>\n\t\t\t\t\t<\/div>\n\t\t<\/div>\n\t\t\t\t\t<\/div>\n\t\t<\/article>\n\t\t\t\t<article class=\"elementor-section elementor-top-section elementor-element elementor-element-a014cde elementor-section-boxed elementor-section-height-default elementor-section-height-default\" data-id=\"a014cde\" data-element_type=\"section\" data-e-type=\"section\">\n\t\t\t\t\t\t<div class=\"elementor-container elementor-column-gap-default\">\n\t\t\t\t\t<div class=\"elementor-column elementor-col-100 elementor-top-column elementor-element elementor-element-b758399\" data-id=\"b758399\" data-element_type=\"column\" data-e-type=\"column\">\n\t\t\t<div class=\"elementor-widget-wrap elementor-element-populated\">\n\t\t\t\t\t\t<div class=\"elementor-element elementor-element-57377a8 elementor-widget elementor-widget-text-editor\" data-id=\"57377a8\" data-element_type=\"widget\" data-e-type=\"widget\" data-widget_type=\"text-editor.default\">\n\t\t\t\t<div class=\"elementor-widget-container\">\n\t\t\t\t\t\t\t\t\t<p><strong>Nola sartu zinen ilustrazioaren munduan? Zein izan da zure ibilbidea mundu grafiko honetan?<\/strong><\/p><p>Beti marraztu dut, beti trebatu naiz teknika ezberdinetan (marrazketa, pintura, eskultura, inprimaketa, digitala), baina ez nuen ilustratzaile lanetan aritu, Donostiko bulego batean baizik. 2007an Artelekun egindako litografia tailerrean, Don Herbert irakasleak ilustrazioaren mundua probatzea proposatu zidan. Horrela egin nuen; Liburu-denda batera joan eta pentsatu nuen \u201cHau lana al da?! Bizitza osoan hau egin badut\u201d. Portfolio bat prestatu nuen neure testuekin eta testu klasikoekin eta Kantabriako Gobernuko Arte Gaztearen Sari Nazionalera aurkeztu nuen, ilustrazio kategorian, 2008an, eta irabazi egin nuen. Sari banaketarako eta irabazleen aurkezpenerako, Kantabriako argitaletxe guztien zerrenda egin nuen eta nik neuk diseinatutako gonbidapen batzuk bidali nizkion. Horrela ezagutu nuen Mundanalruido argitaletxea, eta Ra\u00fal Vacasen Se\u00f1al nire lehen liburu ilustratua eskaini zidaten. Olerki bilduma hau eskola bihurtu zen, asko ikasi nuelako eta Helduen Literatura Ilustratuaren bidean jarri ninduelako.<\/p>\t\t\t\t\t\t\t\t<\/div>\n\t\t\t\t<\/div>\n\t\t\t\t<div class=\"elementor-element elementor-element-bd9c0cb elementor-widget elementor-widget-image\" data-id=\"bd9c0cb\" data-element_type=\"widget\" data-e-type=\"widget\" data-widget_type=\"image.default\">\n\t\t\t\t<div class=\"elementor-widget-container\">\n\t\t\t\t\t\t\t\t\t\t\t\t<figure class=\"wp-caption\">\n\t\t\t\t\t\t\t\t\t\t<img decoding=\"async\" width=\"598\" height=\"396\" src=\"https:\/\/www.usandizaga.com\/design\/wp-content\/uploads\/2022\/02\/Sara-Morante-Ilustraci\u00f3n-de-portada-Se\u00f1al-de-Raul-Vacas.jpg\" class=\"attachment-large size-large wp-image-18556\" alt=\"Sara Morante, Ilustraci\u00f3n de portada Se\u00f1al de Raul Vacas\" srcset=\"https:\/\/www.usandizaga.com\/design\/wp-content\/uploads\/2022\/02\/Sara-Morante-Ilustraci\u00f3n-de-portada-Se\u00f1al-de-Raul-Vacas.jpg 598w, https:\/\/www.usandizaga.com\/design\/wp-content\/uploads\/2022\/02\/Sara-Morante-Ilustraci\u00f3n-de-portada-Se\u00f1al-de-Raul-Vacas-355x235.jpg 355w\" sizes=\"(max-width: 598px) 100vw, 598px\" \/>\t\t\t\t\t\t\t\t\t\t\t<figcaption class=\"widget-image-caption wp-caption-text\">Sara Morante, Ilustraci\u00f3n de portada Se\u00f1al de Raul Vacas<\/figcaption>\n\t\t\t\t\t\t\t\t\t\t<\/figure>\n\t\t\t\t\t\t\t\t\t<\/div>\n\t\t\t\t<\/div>\n\t\t\t\t\t<\/div>\n\t\t<\/div>\n\t\t\t\t\t<\/div>\n\t\t<\/article>\n\t\t\t\t<article class=\"elementor-section elementor-top-section elementor-element elementor-element-161e40a elementor-section-boxed elementor-section-height-default elementor-section-height-default\" data-id=\"161e40a\" data-element_type=\"section\" data-e-type=\"section\">\n\t\t\t\t\t\t<div class=\"elementor-container elementor-column-gap-default\">\n\t\t\t\t\t<div class=\"elementor-column elementor-col-100 elementor-top-column elementor-element elementor-element-c95fc3d\" data-id=\"c95fc3d\" data-element_type=\"column\" data-e-type=\"column\">\n\t\t\t<div class=\"elementor-widget-wrap elementor-element-populated\">\n\t\t\t\t\t\t<div class=\"elementor-element elementor-element-316af1d elementor-widget elementor-widget-text-editor\" data-id=\"316af1d\" data-element_type=\"widget\" data-e-type=\"widget\" data-widget_type=\"text-editor.default\">\n\t\t\t\t<div class=\"elementor-widget-container\">\n\t\t\t\t\t\t\t\t\t<p><strong>Zure ilustrazioek indar espresibo oso nabarmena dute.Nola definituko zenituzke zure marrazkiak? zure ustez zer ezaugarri ditu?<\/strong><\/p><p>Estiloa eta estetika bizitzan zehar eratzen dira: zer gustatzen zaigun eta nola garen, zein nortasun dugun, horregatik zaila da gure estiloa definitzea. Nire ilustrazioak batzuetan preziatuak eta dramatikoak dira, zentzu estetikoan, hau da, betidanik ikusi dudalako zuri-beltzeko zinema asko, zinema espresionista zeinetan, kolorerik eta beste batzuetan soinurik ezean, dena argien aldeko apustua egiten zen, itzalak, konposizioak eta aktoreen makillaje dramatikoa. Baina gero literatura asko dago nire lanean: irakurri dudan literatura on guztia eta horrek imajinatu eta sorrarazi didana.<\/p>\t\t\t\t\t\t\t\t<\/div>\n\t\t\t\t<\/div>\n\t\t\t\t<div class=\"elementor-element elementor-element-8c4514e elementor-widget elementor-widget-image\" data-id=\"8c4514e\" data-element_type=\"widget\" data-e-type=\"widget\" data-widget_type=\"image.default\">\n\t\t\t\t<div class=\"elementor-widget-container\">\n\t\t\t\t\t\t\t\t\t\t\t\t<figure class=\"wp-caption\">\n\t\t\t\t\t\t\t\t\t\t<img decoding=\"async\" width=\"654\" height=\"1040\" src=\"https:\/\/www.usandizaga.com\/design\/wp-content\/uploads\/2022\/02\/Ilustraci\u00f3n-Sara-Morante-Florfan\u00e9-p\u00e1gina-154-654x1040.jpg\" class=\"attachment-large size-large wp-image-18545\" alt=\"Ilustraci\u00f3n-Sara-Morante---Florfan\u00e9--p\u00e1gina-154\" srcset=\"https:\/\/www.usandizaga.com\/design\/wp-content\/uploads\/2022\/02\/Ilustraci\u00f3n-Sara-Morante-Florfan\u00e9-p\u00e1gina-154-654x1040.jpg 654w, https:\/\/www.usandizaga.com\/design\/wp-content\/uploads\/2022\/02\/Ilustraci\u00f3n-Sara-Morante-Florfan\u00e9-p\u00e1gina-154-148x235.jpg 148w, https:\/\/www.usandizaga.com\/design\/wp-content\/uploads\/2022\/02\/Ilustraci\u00f3n-Sara-Morante-Florfan\u00e9-p\u00e1gina-154-768x1222.jpg 768w, https:\/\/www.usandizaga.com\/design\/wp-content\/uploads\/2022\/02\/Ilustraci\u00f3n-Sara-Morante-Florfan\u00e9-p\u00e1gina-154.jpg 960w\" sizes=\"(max-width: 654px) 100vw, 654px\" \/>\t\t\t\t\t\t\t\t\t\t\t<figcaption class=\"widget-image-caption wp-caption-text\">Ilustraci\u00f3n-Sara-Morante---Florfan\u00e9--p\u00e1gina-154<\/figcaption>\n\t\t\t\t\t\t\t\t\t\t<\/figure>\n\t\t\t\t\t\t\t\t\t<\/div>\n\t\t\t\t<\/div>\n\t\t\t\t\t<\/div>\n\t\t<\/div>\n\t\t\t\t\t<\/div>\n\t\t<\/article>\n\t\t\t\t<article class=\"elementor-section elementor-top-section elementor-element elementor-element-1584791 elementor-section-boxed elementor-section-height-default elementor-section-height-default\" data-id=\"1584791\" data-element_type=\"section\" data-e-type=\"section\">\n\t\t\t\t\t\t<div class=\"elementor-container elementor-column-gap-default\">\n\t\t\t\t\t<div class=\"elementor-column elementor-col-100 elementor-top-column elementor-element elementor-element-a497a7c\" data-id=\"a497a7c\" data-element_type=\"column\" data-e-type=\"column\">\n\t\t\t<div class=\"elementor-widget-wrap elementor-element-populated\">\n\t\t\t\t\t\t<div class=\"elementor-element elementor-element-c54000e elementor-widget elementor-widget-text-editor\" data-id=\"c54000e\" data-element_type=\"widget\" data-e-type=\"widget\" data-widget_type=\"text-editor.default\">\n\t\t\t\t<div class=\"elementor-widget-container\">\n\t\t\t\t\t\t\t\t\t<p><strong>Zure marrazkietan pasio handia dagoela nabari da.Ilustratzaile lanbidean zer da gehien gustatzen zaizuna?<\/strong><\/p><p>Ilustratzen ari naizen fikzioan bizitzea, testua hain iradokitzailea dela, ezen nire alde sortzailea ateratzeko aukera ematen duela -Ilustrazio deskribatzailea egitea ez zait gustatzen eta nire lana testuari beste irakurketa bat ematea dela uste dut.<\/p>\t\t\t\t\t\t\t\t<\/div>\n\t\t\t\t<\/div>\n\t\t\t\t<div class=\"elementor-element elementor-element-0720fe5 elementor-widget elementor-widget-image\" data-id=\"0720fe5\" data-element_type=\"widget\" data-e-type=\"widget\" data-widget_type=\"image.default\">\n\t\t\t\t<div class=\"elementor-widget-container\">\n\t\t\t\t\t\t\t\t\t\t\t\t<figure class=\"wp-caption\">\n\t\t\t\t\t\t\t\t\t\t<img loading=\"lazy\" decoding=\"async\" width=\"960\" height=\"539\" src=\"https:\/\/www.usandizaga.com\/design\/wp-content\/uploads\/2022\/02\/Ilustraci\u00f3n-Sara-Morante-Portada-de-libro-Cumbres-Borrascosas-960x539.jpeg\" class=\"attachment-large size-large wp-image-18547\" alt=\"Ilustraci\u00f3n Sara Morante, Portada de libro Cumbres Borrascosas\" srcset=\"https:\/\/www.usandizaga.com\/design\/wp-content\/uploads\/2022\/02\/Ilustraci\u00f3n-Sara-Morante-Portada-de-libro-Cumbres-Borrascosas-960x539.jpeg 960w, https:\/\/www.usandizaga.com\/design\/wp-content\/uploads\/2022\/02\/Ilustraci\u00f3n-Sara-Morante-Portada-de-libro-Cumbres-Borrascosas-355x199.jpeg 355w, https:\/\/www.usandizaga.com\/design\/wp-content\/uploads\/2022\/02\/Ilustraci\u00f3n-Sara-Morante-Portada-de-libro-Cumbres-Borrascosas-768x431.jpeg 768w, https:\/\/www.usandizaga.com\/design\/wp-content\/uploads\/2022\/02\/Ilustraci\u00f3n-Sara-Morante-Portada-de-libro-Cumbres-Borrascosas.jpeg 1280w\" sizes=\"(max-width: 960px) 100vw, 960px\" \/>\t\t\t\t\t\t\t\t\t\t\t<figcaption class=\"widget-image-caption wp-caption-text\">Ilustraci\u00f3n Sara Morante, Portada de libro Cumbres Borrascosas<\/figcaption>\n\t\t\t\t\t\t\t\t\t\t<\/figure>\n\t\t\t\t\t\t\t\t\t<\/div>\n\t\t\t\t<\/div>\n\t\t\t\t\t<\/div>\n\t\t<\/div>\n\t\t\t\t\t<\/div>\n\t\t<\/article>\n\t\t\t\t<article class=\"elementor-section elementor-top-section elementor-element elementor-element-316026d elementor-section-boxed elementor-section-height-default elementor-section-height-default\" data-id=\"316026d\" data-element_type=\"section\" data-e-type=\"section\">\n\t\t\t\t\t\t<div class=\"elementor-container elementor-column-gap-default\">\n\t\t\t\t\t<div class=\"elementor-column elementor-col-100 elementor-top-column elementor-element elementor-element-58ab7b5\" data-id=\"58ab7b5\" data-element_type=\"column\" data-e-type=\"column\">\n\t\t\t<div class=\"elementor-widget-wrap elementor-element-populated\">\n\t\t\t\t\t\t<div class=\"elementor-element elementor-element-5d13c06 elementor-widget elementor-widget-text-editor\" data-id=\"5d13c06\" data-element_type=\"widget\" data-e-type=\"widget\" data-widget_type=\"text-editor.default\">\n\t\t\t\t<div class=\"elementor-widget-container\">\n\t\t\t\t\t\t\t\t\t<p><strong>Ikusten dugu liburu ilustratuak, azalak, publizitatea, ehunak paper zuri bat aurrean dituzula eta&#8230; Zein izango litzateke zure ametsetako ilustrazio proiektua?<\/strong><\/p><p>Komiki bat -nire azken liburua, Flor fan\u00e9, hibridoa delako; animaziozko zinema -nahiz eta nire marrazkiekin gif animatuak eginez kontsolatzen naizen.<br \/>Sylvia Plath eta Virginia Woolf ilustratu ditut dagoeneko, baina oraindik ilustratu nahiko nukeen idazle gutxi batzuk daude. Eta, noski, nire testuak ilustratzen jarraitu nahiko nuke.<\/p>\t\t\t\t\t\t\t\t<\/div>\n\t\t\t\t<\/div>\n\t\t\t\t<div class=\"elementor-element elementor-element-089baa1 elementor-widget elementor-widget-image\" data-id=\"089baa1\" data-element_type=\"widget\" data-e-type=\"widget\" data-widget_type=\"image.default\">\n\t\t\t\t<div class=\"elementor-widget-container\">\n\t\t\t\t\t\t\t\t\t\t\t\t<figure class=\"wp-caption\">\n\t\t\t\t\t\t\t\t\t\t<img loading=\"lazy\" decoding=\"async\" width=\"705\" height=\"1040\" src=\"https:\/\/www.usandizaga.com\/design\/wp-content\/uploads\/2022\/02\/Ilustraci\u00f3n-Sara-Morante-Florfan\u00e9-cubierta-705x1040.jpg\" class=\"attachment-large size-large wp-image-18539\" alt=\"Ilustraci\u00f3n Sara Morante - Florfan\u00e9 cubierta\" srcset=\"https:\/\/www.usandizaga.com\/design\/wp-content\/uploads\/2022\/02\/Ilustraci\u00f3n-Sara-Morante-Florfan\u00e9-cubierta-705x1040.jpg 705w, https:\/\/www.usandizaga.com\/design\/wp-content\/uploads\/2022\/02\/Ilustraci\u00f3n-Sara-Morante-Florfan\u00e9-cubierta-159x235.jpg 159w, https:\/\/www.usandizaga.com\/design\/wp-content\/uploads\/2022\/02\/Ilustraci\u00f3n-Sara-Morante-Florfan\u00e9-cubierta-768x1133.jpg 768w, https:\/\/www.usandizaga.com\/design\/wp-content\/uploads\/2022\/02\/Ilustraci\u00f3n-Sara-Morante-Florfan\u00e9-cubierta-1041x1536.jpg 1041w, https:\/\/www.usandizaga.com\/design\/wp-content\/uploads\/2022\/02\/Ilustraci\u00f3n-Sara-Morante-Florfan\u00e9-cubierta.jpg 1240w\" sizes=\"(max-width: 705px) 100vw, 705px\" \/>\t\t\t\t\t\t\t\t\t\t\t<figcaption class=\"widget-image-caption wp-caption-text\">Ilustraci\u00f3n Sara Morante - Florfan\u00e9 cubierta<\/figcaption>\n\t\t\t\t\t\t\t\t\t\t<\/figure>\n\t\t\t\t\t\t\t\t\t<\/div>\n\t\t\t\t<\/div>\n\t\t\t\t\t<\/div>\n\t\t<\/div>\n\t\t\t\t\t<\/div>\n\t\t<\/article>\n\t\t\t\t<article class=\"elementor-section elementor-top-section elementor-element elementor-element-804cbe8 elementor-section-boxed elementor-section-height-default elementor-section-height-default\" data-id=\"804cbe8\" data-element_type=\"section\" data-e-type=\"section\">\n\t\t\t\t\t\t<div class=\"elementor-container elementor-column-gap-default\">\n\t\t\t\t\t<div class=\"elementor-column elementor-col-100 elementor-top-column elementor-element elementor-element-15fc725\" data-id=\"15fc725\" data-element_type=\"column\" data-e-type=\"column\">\n\t\t\t<div class=\"elementor-widget-wrap elementor-element-populated\">\n\t\t\t\t\t\t<div class=\"elementor-element elementor-element-ac7cb47 elementor-widget elementor-widget-text-editor\" data-id=\"ac7cb47\" data-element_type=\"widget\" data-e-type=\"widget\" data-widget_type=\"text-editor.default\">\n\t\t\t\t<div class=\"elementor-widget-container\">\n\t\t\t\t\t\t\t\t\t<p><strong>Zure ilustrazioak lan prozesu landu eta zaindu baten emaitza direla dirudi.Zer da lan prozesu hori? Zein tresna erabiltzen dituzu marrazteko?<\/strong><\/p><p>Pandemia arte, 2020ko martxoa, eskuz marraztu nuen (arkatzak, margoak, akuarelak, tintak, gouache) eta gero digitalki eskaneatu, moztu eta jarri (oso eskaner txikia daukat eta estiloa ere muga teknikoek definitzen dute batzuetan). 2020ko martxoan Sylvia Plath-en Ariel ilustratzen hasi nintzen Nordic Books-erako. Denda guztiak, ezinbestekoak izan ezik, itxita zeuden. Farmaziara jaitsi, lauzpabost bisturi kirurgiko erosi eta hamar urteko marrazkiak moztu nituen liburu honen collageak egiteko. Hurrengo liburuan gauza bera egin nuen. Gainera, collage hauek argazkiak nola ateratzen ikasi behar nuen, hura zen digitalizatzeko modu bakarra.<\/p><p>Flor fan\u00e9-rekin hasierara itzuli naiz, 2008. urtera: akatsak eta ezabaketak utzi ditut. Hainbeste urte teknika digitalaren eta perfekzionismoaren ondoren, arkatzaren eta paperaren organikoa behar nuen, zuzena ez den lerro zuzenarena. Beraz, ez dut teknika digitala ia erabili liburu honetarako, baina berriro erabiliko dut; Ez dago ezer hoberik ahalik eta teknika gehien ezagutzea eta askatasunez erabiltzea baino.<\/p>\t\t\t\t\t\t\t\t<\/div>\n\t\t\t\t<\/div>\n\t\t\t\t<div class=\"elementor-element elementor-element-89b0e10 elementor-arrows-position-inside elementor-pagination-position-outside elementor-widget elementor-widget-image-carousel\" data-id=\"89b0e10\" data-element_type=\"widget\" data-e-type=\"widget\" data-settings=\"{&quot;slides_to_show&quot;:&quot;1&quot;,&quot;navigation&quot;:&quot;both&quot;,&quot;autoplay&quot;:&quot;yes&quot;,&quot;pause_on_hover&quot;:&quot;yes&quot;,&quot;pause_on_interaction&quot;:&quot;yes&quot;,&quot;autoplay_speed&quot;:5000,&quot;infinite&quot;:&quot;yes&quot;,&quot;effect&quot;:&quot;slide&quot;,&quot;speed&quot;:500}\" data-widget_type=\"image-carousel.default\">\n\t\t\t\t<div class=\"elementor-widget-container\">\n\t\t\t\t\t\t\t<div class=\"elementor-image-carousel-wrapper swiper\" role=\"region\" aria-roledescription=\"carousel\" aria-label=\"Carrusel de im\u00e1genes\" dir=\"ltr\">\n\t\t\t<div class=\"elementor-image-carousel swiper-wrapper\" aria-live=\"off\">\n\t\t\t\t\t\t\t\t<div class=\"swiper-slide\" role=\"group\" aria-roledescription=\"slide\" aria-label=\"1 de 6\"><figure class=\"swiper-slide-inner\"><img decoding=\"async\" class=\"swiper-slide-image\" src=\"https:\/\/www.usandizaga.com\/design\/wp-content\/uploads\/2022\/02\/Ilustraci\u00f3n-Sara-Morante-Florfan\u00e9-3-882x1040.jpg\" alt=\"Ilustraci\u00f3n Sara Morante - Florfan\u00e9 3\" \/><\/figure><\/div><div class=\"swiper-slide\" role=\"group\" aria-roledescription=\"slide\" aria-label=\"2 de 6\"><figure class=\"swiper-slide-inner\"><img decoding=\"async\" class=\"swiper-slide-image\" src=\"https:\/\/www.usandizaga.com\/design\/wp-content\/uploads\/2022\/02\/Ilustraci\u00f3n-Sara-Morante-Florfan\u00e9-2--722x1040.jpg\" alt=\"Ilustraci\u00f3n Sara Morante - Florfan\u00e9 2\" \/><\/figure><\/div><div class=\"swiper-slide\" role=\"group\" aria-roledescription=\"slide\" aria-label=\"3 de 6\"><figure class=\"swiper-slide-inner\"><img decoding=\"async\" class=\"swiper-slide-image\" src=\"https:\/\/www.usandizaga.com\/design\/wp-content\/uploads\/2022\/02\/Ilustraci\u00f3n-Sara-Morante-Florfan\u00e9-p\u00e1gina-184-772x1040.jpg\" alt=\"Ilustraci\u00f3n Sara Morante - Florfan\u00e9 p\u00e1gina 184\" \/><\/figure><\/div><div class=\"swiper-slide\" role=\"group\" aria-roledescription=\"slide\" aria-label=\"4 de 6\"><figure class=\"swiper-slide-inner\"><img decoding=\"async\" class=\"swiper-slide-image\" src=\"https:\/\/www.usandizaga.com\/design\/wp-content\/uploads\/2022\/02\/Ilustraci\u00f3n-Sara-Morante-Florfan\u00e9-p\u00e1gina-177-769x1040.jpg\" alt=\"Ilustraci\u00f3n Sara Morante - Florfan\u00e9 p\u00e1gina 177\" \/><\/figure><\/div><div class=\"swiper-slide\" role=\"group\" aria-roledescription=\"slide\" aria-label=\"5 de 6\"><figure class=\"swiper-slide-inner\"><img decoding=\"async\" class=\"swiper-slide-image\" src=\"https:\/\/www.usandizaga.com\/design\/wp-content\/uploads\/2022\/02\/Ilustraci\u00f3n-Sara-Morante-Florfan\u00e9-p\u00e1gina-111-960x901.jpg\" alt=\"Ilustraci\u00f3n Sara Morante - Florfan\u00e9 p\u00e1gina 111\" \/><\/figure><\/div><div class=\"swiper-slide\" role=\"group\" aria-roledescription=\"slide\" aria-label=\"6 de 6\"><figure class=\"swiper-slide-inner\"><img decoding=\"async\" class=\"swiper-slide-image\" src=\"https:\/\/www.usandizaga.com\/design\/wp-content\/uploads\/2022\/02\/Ilustraci\u00f3n-Sara-Morante-Florfan\u00e9-138-809x1040.jpg\" alt=\"Ilustraci\u00f3n Sara Morante - Florfan\u00e9 138\" \/><\/figure><\/div>\t\t\t<\/div>\n\t\t\t\t\t\t\t\t\t\t\t\t<div class=\"elementor-swiper-button elementor-swiper-button-prev\" role=\"button\" tabindex=\"0\">\n\t\t\t\t\t\t<i aria-hidden=\"true\" class=\"eicon-chevron-left\"><\/i>\t\t\t\t\t<\/div>\n\t\t\t\t\t<div class=\"elementor-swiper-button elementor-swiper-button-next\" role=\"button\" tabindex=\"0\">\n\t\t\t\t\t\t<i aria-hidden=\"true\" class=\"eicon-chevron-right\"><\/i>\t\t\t\t\t<\/div>\n\t\t\t\t\n\t\t\t\t\t\t\t\t\t<div class=\"swiper-pagination\"><\/div>\n\t\t\t\t\t\t\t\t\t<\/div>\n\t\t\t\t\t\t<\/div>\n\t\t\t\t<\/div>\n\t\t\t\t\t<\/div>\n\t\t<\/div>\n\t\t\t\t\t<\/div>\n\t\t<\/article>\n\t\t\t\t<article class=\"elementor-section elementor-top-section elementor-element elementor-element-30861c0 elementor-section-boxed elementor-section-height-default elementor-section-height-default\" data-id=\"30861c0\" data-element_type=\"section\" data-e-type=\"section\">\n\t\t\t\t\t\t<div class=\"elementor-container elementor-column-gap-default\">\n\t\t\t\t\t<div class=\"elementor-column elementor-col-100 elementor-top-column elementor-element elementor-element-bf47f40\" data-id=\"bf47f40\" data-element_type=\"column\" data-e-type=\"column\">\n\t\t\t<div class=\"elementor-widget-wrap elementor-element-populated\">\n\t\t\t\t\t\t<div class=\"elementor-element elementor-element-d82e84a elementor-widget elementor-widget-text-editor\" data-id=\"d82e84a\" data-element_type=\"widget\" data-e-type=\"widget\" data-widget_type=\"text-editor.default\">\n\t\t\t\t<div class=\"elementor-widget-container\">\n\t\t\t\t\t\t\t\t\t<p><strong>Egia esan, zure marrazketa estiloa oso inspiratzailea iruditzen zaigu.Zer ilustratzailek inspiratzen zaituzte? Beste inspiraziorik?<\/strong><br \/>Espainian oso ilustratzaile eta ilustratzaile onak daude. Ez dirudi bidezkoa bost izendatzea, asko miresten ditudalako.<\/p>\t\t\t\t\t\t\t\t<\/div>\n\t\t\t\t<\/div>\n\t\t\t\t<div class=\"elementor-element elementor-element-8c49ea8 elementor-widget elementor-widget-image\" data-id=\"8c49ea8\" data-element_type=\"widget\" data-e-type=\"widget\" data-widget_type=\"image.default\">\n\t\t\t\t<div class=\"elementor-widget-container\">\n\t\t\t\t\t\t\t\t\t\t\t\t<figure class=\"wp-caption\">\n\t\t\t\t\t\t\t\t\t\t<img loading=\"lazy\" decoding=\"async\" width=\"623\" height=\"752\" src=\"https:\/\/www.usandizaga.com\/design\/wp-content\/uploads\/2022\/02\/Ilustraci\u00f3n-Sara-Morante-csrtel-Feria-del-Libro-de-Madrid-2019-.jpg\" class=\"attachment-large size-large wp-image-18543\" alt=\"Ilustraci\u00f3n Sara Morante, csrtel Feria del Libro de Madrid 2019\" srcset=\"https:\/\/www.usandizaga.com\/design\/wp-content\/uploads\/2022\/02\/Ilustraci\u00f3n-Sara-Morante-csrtel-Feria-del-Libro-de-Madrid-2019-.jpg 623w, https:\/\/www.usandizaga.com\/design\/wp-content\/uploads\/2022\/02\/Ilustraci\u00f3n-Sara-Morante-csrtel-Feria-del-Libro-de-Madrid-2019--195x235.jpg 195w\" sizes=\"(max-width: 623px) 100vw, 623px\" \/>\t\t\t\t\t\t\t\t\t\t\t<figcaption class=\"widget-image-caption wp-caption-text\">Ilustraci\u00f3n Sara Morante, csrtel Feria del Libro de Madrid 2019<\/figcaption>\n\t\t\t\t\t\t\t\t\t\t<\/figure>\n\t\t\t\t\t\t\t\t\t<\/div>\n\t\t\t\t<\/div>\n\t\t\t\t\t<\/div>\n\t\t<\/div>\n\t\t\t\t\t<\/div>\n\t\t<\/article>\n\t\t\t\t<article class=\"elementor-section elementor-top-section elementor-element elementor-element-92043d4 elementor-section-boxed elementor-section-height-default elementor-section-height-default\" data-id=\"92043d4\" data-element_type=\"section\" data-e-type=\"section\">\n\t\t\t\t\t\t<div class=\"elementor-container elementor-column-gap-default\">\n\t\t\t\t\t<div class=\"elementor-column elementor-col-100 elementor-top-column elementor-element elementor-element-550dc6e\" data-id=\"550dc6e\" data-element_type=\"column\" data-e-type=\"column\">\n\t\t\t<div class=\"elementor-widget-wrap elementor-element-populated\">\n\t\t\t\t\t\t<div class=\"elementor-element elementor-element-f461d86 elementor-widget elementor-widget-text-editor\" data-id=\"f461d86\" data-element_type=\"widget\" data-e-type=\"widget\" data-widget_type=\"text-editor.default\">\n\t\t\t\t<div class=\"elementor-widget-container\">\n\t\t\t\t\t\t\t\t\t<p><strong>Zure ikuspegi profesionaletik, nola ikusten duzu egungo ilustrazioaren mundua? zer uste duzu etor daitekeela etorkizun hurbilean?<\/strong><\/p><p>Ilustrazioaren mundua sektore prekario batean dago, Kulturarena, azken urteotan burua altxatu duen arren, eta gu autonomoak garen, ez dago ezer. Pixka bat dibertsifikatu beharra dago, urteko egun guztietan sormena den tresna batekin lan egiteak -Esan dut jada autonomoak garela, egun batzuk bakarrik hartzen ditugula eta etxean ere lan egiten dugula- erre egiten du. asko, horregatik ona da askotariko lanpostuak lortzea; ordezkatu liburuen azalak publizitatearekin edo prentsarekin. Urte batzuk daramatzat arte eta ilustrazio eskoletan eta UIVko Idazkera Sormenezko masterrean ikastaroak eta mintegiak ematen eta asko gustatzen zaidala nire esperientziak eta nire akatsak ikasleekin partekatzea ezagutu dut. Horrek gure sektore honetan bizirik irauten laguntzen dit.<\/p>\t\t\t\t\t\t\t\t<\/div>\n\t\t\t\t<\/div>\n\t\t\t\t<div class=\"elementor-element elementor-element-e1f49a8 elementor-widget elementor-widget-image\" data-id=\"e1f49a8\" data-element_type=\"widget\" data-e-type=\"widget\" data-widget_type=\"image.default\">\n\t\t\t\t<div class=\"elementor-widget-container\">\n\t\t\t\t\t\t\t\t\t\t\t\t<figure class=\"wp-caption\">\n\t\t\t\t\t\t\t\t\t\t<img loading=\"lazy\" decoding=\"async\" width=\"960\" height=\"982\" src=\"https:\/\/www.usandizaga.com\/design\/wp-content\/uploads\/2022\/02\/Sara-Morante-Elizabeth-y-su-jard\u00edn-alem\u00e1n-Lumen-2016-960x982.jpg\" class=\"attachment-large size-large wp-image-18546\" alt=\"Ilustraci\u00f3n Sara Morante Elizabeth y su jard\u00edn alem\u00e1n, ed. Lumen 2016\" srcset=\"https:\/\/www.usandizaga.com\/design\/wp-content\/uploads\/2022\/02\/Sara-Morante-Elizabeth-y-su-jard\u00edn-alem\u00e1n-Lumen-2016-960x982.jpg 960w, https:\/\/www.usandizaga.com\/design\/wp-content\/uploads\/2022\/02\/Sara-Morante-Elizabeth-y-su-jard\u00edn-alem\u00e1n-Lumen-2016-230x235.jpg 230w, https:\/\/www.usandizaga.com\/design\/wp-content\/uploads\/2022\/02\/Sara-Morante-Elizabeth-y-su-jard\u00edn-alem\u00e1n-Lumen-2016-768x786.jpg 768w, https:\/\/www.usandizaga.com\/design\/wp-content\/uploads\/2022\/02\/Sara-Morante-Elizabeth-y-su-jard\u00edn-alem\u00e1n-Lumen-2016.jpg 1001w\" sizes=\"(max-width: 960px) 100vw, 960px\" \/>\t\t\t\t\t\t\t\t\t\t\t<figcaption class=\"widget-image-caption wp-caption-text\">Ilustraci\u00f3n Sara Morante Elizabeth y su jard\u00edn alem\u00e1n, ed. Lumen 2016<\/figcaption>\n\t\t\t\t\t\t\t\t\t\t<\/figure>\n\t\t\t\t\t\t\t\t\t<\/div>\n\t\t\t\t<\/div>\n\t\t\t\t\t<\/div>\n\t\t<\/div>\n\t\t\t\t\t<\/div>\n\t\t<\/article>\n\t\t\t\t<article class=\"elementor-section elementor-top-section elementor-element elementor-element-b9e612a elementor-section-boxed elementor-section-height-default elementor-section-height-default\" data-id=\"b9e612a\" data-element_type=\"section\" data-e-type=\"section\">\n\t\t\t\t\t\t<div class=\"elementor-container elementor-column-gap-default\">\n\t\t\t\t\t<div class=\"elementor-column elementor-col-100 elementor-top-column elementor-element elementor-element-1b1ef25\" data-id=\"1b1ef25\" data-element_type=\"column\" data-e-type=\"column\">\n\t\t\t<div class=\"elementor-widget-wrap elementor-element-populated\">\n\t\t\t\t\t\t<div class=\"elementor-element elementor-element-e0c5c48 elementor-widget elementor-widget-text-editor\" data-id=\"e0c5c48\" data-element_type=\"widget\" data-e-type=\"widget\" data-widget_type=\"text-editor.default\">\n\t\t\t\t<div class=\"elementor-widget-container\">\n\t\t\t\t\t\t\t\t\t<p><strong>Zein ilustrazio berri dituzu esku artean? Etorkizuneko proiektuak zenbatu daitezkeen?<\/strong><\/p><p>Bi liburu-azalera entregatu berri ditut, bata Bazen lorategikoa, P\u00e1ginas de Espuma argitaletxean Valeria Correa Fiz idazlearena; Italiako argitaletxe baten beste azala eta berriena laster aterako den kultur gehigarri baten azala da. Gainera, nire liburu berria idazten ari naiz.<\/p>\t\t\t\t\t\t\t\t<\/div>\n\t\t\t\t<\/div>\n\t\t\t\t<div class=\"elementor-element elementor-element-cf142a6 elementor-widget elementor-widget-image\" data-id=\"cf142a6\" data-element_type=\"widget\" data-e-type=\"widget\" data-widget_type=\"image.default\">\n\t\t\t\t<div class=\"elementor-widget-container\">\n\t\t\t\t\t\t\t\t\t\t\t\t<figure class=\"wp-caption\">\n\t\t\t\t\t\t\t\t\t\t<img loading=\"lazy\" decoding=\"async\" width=\"650\" height=\"1040\" src=\"https:\/\/www.usandizaga.com\/design\/wp-content\/uploads\/2022\/02\/Ilustraci\u00f3n-Sara-Morante-Portada-libro-Hubo-un-jard\u00edn-650x1040.jpg\" class=\"attachment-large size-large wp-image-18548\" alt=\"Ilustraci\u00f3n-Sara-Morante,-Portada-libro-Hubo-un-jard\u00edn\" srcset=\"https:\/\/www.usandizaga.com\/design\/wp-content\/uploads\/2022\/02\/Ilustraci\u00f3n-Sara-Morante-Portada-libro-Hubo-un-jard\u00edn-650x1040.jpg 650w, https:\/\/www.usandizaga.com\/design\/wp-content\/uploads\/2022\/02\/Ilustraci\u00f3n-Sara-Morante-Portada-libro-Hubo-un-jard\u00edn-147x235.jpg 147w, https:\/\/www.usandizaga.com\/design\/wp-content\/uploads\/2022\/02\/Ilustraci\u00f3n-Sara-Morante-Portada-libro-Hubo-un-jard\u00edn-768x1229.jpg 768w, https:\/\/www.usandizaga.com\/design\/wp-content\/uploads\/2022\/02\/Ilustraci\u00f3n-Sara-Morante-Portada-libro-Hubo-un-jard\u00edn.jpg 960w\" sizes=\"(max-width: 650px) 100vw, 650px\" \/>\t\t\t\t\t\t\t\t\t\t\t<figcaption class=\"widget-image-caption wp-caption-text\">Ilustraci\u00f3n Sara Morante, Portada libro Hubo un jard\u00edn<\/figcaption>\n\t\t\t\t\t\t\t\t\t\t<\/figure>\n\t\t\t\t\t\t\t\t\t<\/div>\n\t\t\t\t<\/div>\n\t\t\t\t\t<\/div>\n\t\t<\/div>\n\t\t\t\t\t<\/div>\n\t\t<\/article>\n\t\t\t\t<article class=\"elementor-section elementor-top-section elementor-element elementor-element-9f58ca5 elementor-section-boxed elementor-section-height-default elementor-section-height-default\" data-id=\"9f58ca5\" data-element_type=\"section\" data-e-type=\"section\">\n\t\t\t\t\t\t<div class=\"elementor-container elementor-column-gap-default\">\n\t\t\t\t\t<div class=\"elementor-column elementor-col-100 elementor-top-column elementor-element elementor-element-e34c204\" data-id=\"e34c204\" data-element_type=\"column\" data-e-type=\"column\">\n\t\t\t<div class=\"elementor-widget-wrap elementor-element-populated\">\n\t\t\t\t\t\t<div class=\"elementor-element elementor-element-113990d elementor-widget elementor-widget-text-editor\" data-id=\"113990d\" data-element_type=\"widget\" data-e-type=\"widget\" data-widget_type=\"text-editor.default\">\n\t\t\t\t<div class=\"elementor-widget-container\">\n\t\t\t\t\t\t\t\t\t<p><strong>Azkenik, diseinuko ikasle gehienek marraztea gustatzen zaie, ba al duzu aholkurik etorkizuneko diseinatzaile eta marrazkilarientzat?<\/strong><\/p><p>Marrazketa akademikoko klaseak jasotzen dituztela: nahi duten guztia marrazteko aukera emango dien oinarria da. Ez baztertu inolako teknikarik: guztiek ekarpena egingo digute zerbait, sormena mugitzen duten hankak dira. Kuriositatea dutela, sormen diziplina guztiak ezagutzen dituztela; erakusketetara joaten direla, irakurtzen dutela, filmak ikusten dituztela. Entzun dezatela inguruko jendeari, idatzi beren ideiak, tontoak badirudi ere. Horrekin guztiarekin elikatzen da imajinario pertsonala: imajinarioa sormenaren lexikoa da.<\/p>\t\t\t\t\t\t\t\t<\/div>\n\t\t\t\t<\/div>\n\t\t\t\t<div class=\"elementor-element elementor-element-a42500a elementor-widget elementor-widget-image\" data-id=\"a42500a\" data-element_type=\"widget\" data-e-type=\"widget\" data-widget_type=\"image.default\">\n\t\t\t\t<div class=\"elementor-widget-container\">\n\t\t\t\t\t\t\t\t\t\t\t\t<figure class=\"wp-caption\">\n\t\t\t\t\t\t\t\t\t\t<img loading=\"lazy\" decoding=\"async\" width=\"960\" height=\"803\" src=\"https:\/\/www.usandizaga.com\/design\/wp-content\/uploads\/2022\/02\/Collage-Sara-Morante-960x803.jpeg\" class=\"attachment-large size-large wp-image-18552\" alt=\"Collage Sara Morante\" srcset=\"https:\/\/www.usandizaga.com\/design\/wp-content\/uploads\/2022\/02\/Collage-Sara-Morante-960x803.jpeg 960w, https:\/\/www.usandizaga.com\/design\/wp-content\/uploads\/2022\/02\/Collage-Sara-Morante-281x235.jpeg 281w, https:\/\/www.usandizaga.com\/design\/wp-content\/uploads\/2022\/02\/Collage-Sara-Morante-768x643.jpeg 768w, https:\/\/www.usandizaga.com\/design\/wp-content\/uploads\/2022\/02\/Collage-Sara-Morante.jpeg 1440w\" sizes=\"(max-width: 960px) 100vw, 960px\" \/>\t\t\t\t\t\t\t\t\t\t\t<figcaption class=\"widget-image-caption wp-caption-text\">Collage de Sara Morante<\/figcaption>\n\t\t\t\t\t\t\t\t\t\t<\/figure>\n\t\t\t\t\t\t\t\t\t<\/div>\n\t\t\t\t<\/div>\n\t\t\t\t\t<\/div>\n\t\t<\/div>\n\t\t\t\t\t<\/div>\n\t\t<\/article>\n\t\t\t\t<\/div>\n\t\t","protected":false},"excerpt":{"rendered":"<p>idazle eta ilustratzaile nekaezina Sara Morante sortzaile nekaezina da, polifazetikoa, indarra eta estiloa duen ilustratzailea. Nobela, ipuin, olerki eta saiakera, azalak, prentsa, publizitatea, ehungintza sortzailea eta idazlea ere ilustratzailea. Bere &#8230; <a title=\"SARA MORANTE\" class=\"read-more\" href=\"https:\/\/www.usandizaga.com\/design\/eu\/sara-morante\/\" aria-label=\"Leer m\u00e1s sobre SARA MORANTE\">+info<\/a><\/p>\n","protected":false},"author":1,"featured_media":18547,"comment_status":"closed","ping_status":"closed","sticky":false,"template":"","format":"standard","meta":{"generate_page_header":"","footnotes":""},"categories":[742],"tags":[],"class_list":["post-19599","post","type-post","status-publish","format-standard","has-post-thumbnail","hentry","category-elkarrizketa-sortzaileak","generate-columns","tablet-grid-50","mobile-grid-100","grid-parent","grid-33","resize-featured-image"],"lang":"eu","translations":{"eu":19599,"es":18519},"pll_sync_post":[],"_links":{"self":[{"href":"https:\/\/www.usandizaga.com\/design\/wp-json\/wp\/v2\/posts\/19599","targetHints":{"allow":["GET"]}}],"collection":[{"href":"https:\/\/www.usandizaga.com\/design\/wp-json\/wp\/v2\/posts"}],"about":[{"href":"https:\/\/www.usandizaga.com\/design\/wp-json\/wp\/v2\/types\/post"}],"author":[{"embeddable":true,"href":"https:\/\/www.usandizaga.com\/design\/wp-json\/wp\/v2\/users\/1"}],"replies":[{"embeddable":true,"href":"https:\/\/www.usandizaga.com\/design\/wp-json\/wp\/v2\/comments?post=19599"}],"version-history":[{"count":0,"href":"https:\/\/www.usandizaga.com\/design\/wp-json\/wp\/v2\/posts\/19599\/revisions"}],"wp:featuredmedia":[{"embeddable":true,"href":"https:\/\/www.usandizaga.com\/design\/wp-json\/wp\/v2\/media\/18547"}],"wp:attachment":[{"href":"https:\/\/www.usandizaga.com\/design\/wp-json\/wp\/v2\/media?parent=19599"}],"wp:term":[{"taxonomy":"category","embeddable":true,"href":"https:\/\/www.usandizaga.com\/design\/wp-json\/wp\/v2\/categories?post=19599"},{"taxonomy":"post_tag","embeddable":true,"href":"https:\/\/www.usandizaga.com\/design\/wp-json\/wp\/v2\/tags?post=19599"}],"curies":[{"name":"wp","href":"https:\/\/api.w.org\/{rel}","templated":true}]}}