{"id":19923,"date":"2022-06-14T10:03:14","date_gmt":"2022-06-14T08:03:14","guid":{"rendered":"https:\/\/www.usandizaga.com\/design\/?p=19923"},"modified":"2022-06-14T10:33:48","modified_gmt":"2022-06-14T08:33:48","slug":"el-colectivo","status":"publish","type":"post","link":"https:\/\/www.usandizaga.com\/design\/eu\/el-colectivo\/","title":{"rendered":"EL COLECTIVO"},"content":{"rendered":"\t\t<div data-elementor-type=\"wp-post\" data-elementor-id=\"19923\" class=\"elementor elementor-19923\" data-elementor-post-type=\"post\">\n\t\t\t\t\t\t<section class=\"elementor-section elementor-top-section elementor-element elementor-element-11b0834 elementor-section-full_width elementor-section-height-min-height elementor-section-height-default elementor-section-items-middle\" data-id=\"11b0834\" data-element_type=\"section\" data-e-type=\"section\" data-settings=\"{&quot;background_background&quot;:&quot;classic&quot;}\">\n\t\t\t\t\t\t<div class=\"elementor-container elementor-column-gap-default\">\n\t\t\t\t\t<div class=\"elementor-column elementor-col-100 elementor-top-column elementor-element elementor-element-8eb38f0\" data-id=\"8eb38f0\" data-element_type=\"column\" data-e-type=\"column\">\n\t\t\t<div class=\"elementor-widget-wrap\">\n\t\t\t\t\t\t\t<\/div>\n\t\t<\/div>\n\t\t\t\t\t<\/div>\n\t\t<\/section>\n\t\t\t\t<section class=\"elementor-section elementor-top-section elementor-element elementor-element-32765211 elementor-section-content-middle elementor-section-boxed elementor-section-height-default elementor-section-height-default\" data-id=\"32765211\" data-element_type=\"section\" data-e-type=\"section\">\n\t\t\t\t\t\t<div class=\"elementor-container elementor-column-gap-no\">\n\t\t\t\t\t<div class=\"elementor-column elementor-col-100 elementor-top-column elementor-element elementor-element-3236276e\" data-id=\"3236276e\" data-element_type=\"column\" data-e-type=\"column\">\n\t\t\t<div class=\"elementor-widget-wrap elementor-element-populated\">\n\t\t\t\t\t\t<div class=\"elementor-element elementor-element-263e135b elementor-widget elementor-widget-theme-post-title elementor-page-title elementor-widget-heading\" data-id=\"263e135b\" data-element_type=\"widget\" data-e-type=\"widget\" data-widget_type=\"theme-post-title.default\">\n\t\t\t\t<div class=\"elementor-widget-container\">\n\t\t\t\t\t<h1 class=\"elementor-heading-title elementor-size-xxl\">EL COLECTIVO<\/h1>\t\t\t\t<\/div>\n\t\t\t\t<\/div>\n\t\t\t\t<div class=\"elementor-element elementor-element-71dd241b elementor-widget elementor-widget-heading\" data-id=\"71dd241b\" data-element_type=\"widget\" data-e-type=\"widget\" data-widget_type=\"heading.default\">\n\t\t\t\t<div class=\"elementor-widget-container\">\n\t\t\t\t\t<h2 class=\"elementor-heading-title elementor-size-default\">Juantxo Ibarrola eta Ainhoa Urrutia, bokazio handiko diseinatzaileak<\/h2>\t\t\t\t<\/div>\n\t\t\t\t<\/div>\n\t\t\t\t<div class=\"elementor-element elementor-element-60ace72e elementor-widget elementor-widget-text-editor\" data-id=\"60ace72e\" data-element_type=\"widget\" data-e-type=\"widget\" data-widget_type=\"text-editor.default\">\n\t\t\t\t<div class=\"elementor-widget-container\">\n\t\t\t\t\t\t\t\t\t<p><span style=\"font-weight: 400;\">Kolektiboa Iru\u00f1ean bizi den diseinu-estudio bat da, eta jakin-min grafikoa mugiarazten du eta diseinu grafikoaren hainbat arlotan garatzen du bere lana: kartelak, nortasun korporatiboa, seinaleak, packgaginga, arte-zuzendaritza, web-diseinua, sare sozialak&#8230;<br \/><\/span><\/p>\t\t\t\t\t\t\t\t<\/div>\n\t\t\t\t<\/div>\n\t\t\t\t<section class=\"elementor-section elementor-inner-section elementor-element elementor-element-1f2985da elementor-section-content-middle elementor-section-boxed elementor-section-height-default elementor-section-height-default\" data-id=\"1f2985da\" data-element_type=\"section\" data-e-type=\"section\">\n\t\t\t\t\t\t<div class=\"elementor-container elementor-column-gap-no\">\n\t\t\t\t\t<div class=\"elementor-column elementor-col-100 elementor-inner-column elementor-element elementor-element-696d01ec\" data-id=\"696d01ec\" data-element_type=\"column\" data-e-type=\"column\">\n\t\t\t<div class=\"elementor-widget-wrap elementor-element-populated\">\n\t\t\t\t\t\t<div class=\"elementor-element elementor-element-3b883691 elementor-align-center elementor-widget elementor-widget-button\" data-id=\"3b883691\" data-element_type=\"widget\" data-e-type=\"widget\" data-widget_type=\"button.default\">\n\t\t\t\t<div class=\"elementor-widget-container\">\n\t\t\t\t\t\t\t\t\t<div class=\"elementor-button-wrapper\">\n\t\t\t\t\t<a class=\"elementor-button elementor-button-link elementor-size-sm elementor-animation-grow\" href=\"https:\/\/www.elcolectivo.es\/\" target=\"_blank\" rel=\"noopener\">\n\t\t\t\t\t\t<span class=\"elementor-button-content-wrapper\">\n\t\t\t\t\t\t\t\t\t<span class=\"elementor-button-text\">www.elcolectivo.es<\/span>\n\t\t\t\t\t<\/span>\n\t\t\t\t\t<\/a>\n\t\t\t\t<\/div>\n\t\t\t\t\t\t\t\t<\/div>\n\t\t\t\t<\/div>\n\t\t\t\t<div class=\"elementor-element elementor-element-42a3a55c elementor-align-center elementor-widget elementor-widget-button\" data-id=\"42a3a55c\" data-element_type=\"widget\" data-e-type=\"widget\" data-widget_type=\"button.default\">\n\t\t\t\t<div class=\"elementor-widget-container\">\n\t\t\t\t\t\t\t\t\t<div class=\"elementor-button-wrapper\">\n\t\t\t\t\t<a class=\"elementor-button elementor-button-link elementor-size-sm elementor-animation-grow\" href=\"https:\/\/www.instagram.com\/elcolectivo.es\" target=\"_blank\" rel=\"noopener\">\n\t\t\t\t\t\t<span class=\"elementor-button-content-wrapper\">\n\t\t\t\t\t\t\t\t\t<span class=\"elementor-button-text\">www.instagram.com\/elcolectivo.es<\/span>\n\t\t\t\t\t<\/span>\n\t\t\t\t\t<\/a>\n\t\t\t\t<\/div>\n\t\t\t\t\t\t\t\t<\/div>\n\t\t\t\t<\/div>\n\t\t\t\t\t<\/div>\n\t\t<\/div>\n\t\t\t\t\t<\/div>\n\t\t<\/section>\n\t\t\t\t\t<\/div>\n\t\t<\/div>\n\t\t\t\t\t<\/div>\n\t\t<\/section>\n\t\t\t\t<section class=\"elementor-section elementor-top-section elementor-element elementor-element-522f6eee elementor-section-boxed elementor-section-height-default elementor-section-height-default\" data-id=\"522f6eee\" data-element_type=\"section\" data-e-type=\"section\">\n\t\t\t\t\t\t<div class=\"elementor-container elementor-column-gap-default\">\n\t\t\t\t\t<div class=\"elementor-column elementor-col-100 elementor-top-column elementor-element elementor-element-76fc8892\" data-id=\"76fc8892\" data-element_type=\"column\" data-e-type=\"column\">\n\t\t\t<div class=\"elementor-widget-wrap elementor-element-populated\">\n\t\t\t\t\t\t<div class=\"elementor-element elementor-element-7553f84e elementor-widget elementor-widget-text-editor\" data-id=\"7553f84e\" data-element_type=\"widget\" data-e-type=\"widget\" data-widget_type=\"text-editor.default\">\n\t\t\t\t<div class=\"elementor-widget-container\">\n\t\t\t\t\t\t\t\t\t<p><strong>Has gaitezen geure buruari galdetzen nor osatzen duten eta nolakoak diren Kolektiboko pertsonak?<\/strong><\/p><p>Juantxo Ibarrolak eta Ainhoa Urrutiak osatzen dugu kolektiboa. Bokazio handiko diseinatzaileak dira, eta profesionalki gehien gustatzen zaien horretan aritzeko oso zorionekoak sentitzen dira: diseinu grafikoan, hain zuzen ere.<\/p><p>Kolektiboa izena diziplina desberdinetako profesionalekin lankidetzan aritzeko gure nahiaren ondorioz sortu zen: arkitektoekin, argazkilariekin, artistekin, museografoekin.<\/p><p>Gure talde-lanaren inspirazioa naturan dago, erleek bakoitzak bere funtzioa hartzen dute erlauntza eraikitzeko eta mantentzeko. Guztiek ematen dute beren bakarkako lana helburu komun baterako, eta koordinatu egiten dira guztiak bikain funtziona dezan.<\/p>\t\t\t\t\t\t\t\t<\/div>\n\t\t\t\t<\/div>\n\t\t\t\t<div class=\"elementor-element elementor-element-39e9d8a7 elementor-widget elementor-widget-image\" data-id=\"39e9d8a7\" data-element_type=\"widget\" data-e-type=\"widget\" data-widget_type=\"image.default\">\n\t\t\t\t<div class=\"elementor-widget-container\">\n\t\t\t\t\t\t\t\t\t\t\t\t<figure class=\"wp-caption\">\n\t\t\t\t\t\t\t\t\t\t<img fetchpriority=\"high\" decoding=\"async\" width=\"960\" height=\"693\" src=\"https:\/\/www.usandizaga.com\/design\/wp-content\/uploads\/2022\/06\/EC_1.jpg\" class=\"attachment-large size-large wp-image-19889\" alt=\"El Colectivo: Zientzia Museoa UPNA\" srcset=\"https:\/\/www.usandizaga.com\/design\/wp-content\/uploads\/2022\/06\/EC_1.jpg 960w, https:\/\/www.usandizaga.com\/design\/wp-content\/uploads\/2022\/06\/EC_1-326x235.jpg 326w, https:\/\/www.usandizaga.com\/design\/wp-content\/uploads\/2022\/06\/EC_1-768x554.jpg 768w\" sizes=\"(max-width: 960px) 100vw, 960px\" \/>\t\t\t\t\t\t\t\t\t\t\t<figcaption class=\"widget-image-caption wp-caption-text\">El Colectivo: Zientzia Museoa UPNA<\/figcaption>\n\t\t\t\t\t\t\t\t\t\t<\/figure>\n\t\t\t\t\t\t\t\t\t<\/div>\n\t\t\t\t<\/div>\n\t\t\t\t\t<\/div>\n\t\t<\/div>\n\t\t\t\t\t<\/div>\n\t\t<\/section>\n\t\t\t\t<section class=\"elementor-section elementor-top-section elementor-element elementor-element-14e66a3 elementor-section-boxed elementor-section-height-default elementor-section-height-default\" data-id=\"14e66a3\" data-element_type=\"section\" data-e-type=\"section\">\n\t\t\t\t\t\t<div class=\"elementor-container elementor-column-gap-default\">\n\t\t\t\t\t<div class=\"elementor-column elementor-col-100 elementor-top-column elementor-element elementor-element-e63a22e\" data-id=\"e63a22e\" data-element_type=\"column\" data-e-type=\"column\">\n\t\t\t<div class=\"elementor-widget-wrap elementor-element-populated\">\n\t\t\t\t\t\t<div class=\"elementor-element elementor-element-4acc137 elementor-widget elementor-widget-text-editor\" data-id=\"4acc137\" data-element_type=\"widget\" data-e-type=\"widget\" data-widget_type=\"text-editor.default\">\n\t\t\t\t<div class=\"elementor-widget-container\">\n\t\t\t\t\t\t\t\t\t<p><strong>Kontatu diezagukezue zuen Kolektiboaren historia? Noiz eta nola sortu da, zein izan da bere garapena?<\/strong><\/p><p>Estudioa 2014 hasieran sortu genuen, Ainhoa 16 urtez aritu zen Madrilen lanean eta bere herrira itzultzea erabaki zuen, Iru\u00f1era, non Juantxok 14 urte eman zituen hainbat estudiotan diseinatzaile lanetan. Elkarrekin lan egitea erabaki genuen, Ainhoak proiektu handi bat jaso zuelako eta Juantxorengan pentsatu zuelako proiektu hori gauzatzeko laguntzaile gisa. Ospitale-gune bat seinaleztatzeko proiektua zen, eta Kolektiboa martxan jartzeko motorra izan zen.<\/p>\t\t\t\t\t\t\t\t<\/div>\n\t\t\t\t<\/div>\n\t\t\t\t<div class=\"elementor-element elementor-element-40937fd elementor-widget elementor-widget-image\" data-id=\"40937fd\" data-element_type=\"widget\" data-e-type=\"widget\" data-widget_type=\"image.default\">\n\t\t\t\t<div class=\"elementor-widget-container\">\n\t\t\t\t\t\t\t\t\t\t\t\t\t\t\t<img decoding=\"async\" width=\"960\" height=\"693\" src=\"https:\/\/www.usandizaga.com\/design\/wp-content\/uploads\/2022\/06\/EC_2.jpg\" class=\"attachment-large size-large wp-image-19891\" alt=\"El Colectivo: Harresietako Jaialdia\" srcset=\"https:\/\/www.usandizaga.com\/design\/wp-content\/uploads\/2022\/06\/EC_2.jpg 960w, https:\/\/www.usandizaga.com\/design\/wp-content\/uploads\/2022\/06\/EC_2-326x235.jpg 326w, https:\/\/www.usandizaga.com\/design\/wp-content\/uploads\/2022\/06\/EC_2-768x554.jpg 768w\" sizes=\"(max-width: 960px) 100vw, 960px\" \/>\t\t\t\t\t\t\t\t\t\t\t\t\t\t\t<\/div>\n\t\t\t\t<\/div>\n\t\t\t\t\t<\/div>\n\t\t<\/div>\n\t\t\t\t\t<\/div>\n\t\t<\/section>\n\t\t\t\t<section class=\"elementor-section elementor-top-section elementor-element elementor-element-f24b1dc elementor-section-boxed elementor-section-height-default elementor-section-height-default\" data-id=\"f24b1dc\" data-element_type=\"section\" data-e-type=\"section\">\n\t\t\t\t\t\t<div class=\"elementor-container elementor-column-gap-default\">\n\t\t\t\t\t<div class=\"elementor-column elementor-col-100 elementor-top-column elementor-element elementor-element-65a3ba5\" data-id=\"65a3ba5\" data-element_type=\"column\" data-e-type=\"column\">\n\t\t\t<div class=\"elementor-widget-wrap elementor-element-populated\">\n\t\t\t\t\t\t<div class=\"elementor-element elementor-element-1b449d1 elementor-widget elementor-widget-text-editor\" data-id=\"1b449d1\" data-element_type=\"widget\" data-e-type=\"widget\" data-widget_type=\"text-editor.default\">\n\t\t\t\t<div class=\"elementor-widget-container\">\n\t\t\t\t\t\t\t\t\t<p><strong>Komunikazioaren eta grafikaren eremu zabala hartzen duzue: arte zuzendaritza, web diseinua, sare sozialak, branding, seinaletika, packaging.<\/strong><\/p><p>Jakin-min grafikoa. Euskarri bisual oro diseinu grafikoa garatzeko lekua da eta, beraz, jarduera-eremu asko daude. Zortea izan dugu eta dugu gure lana hainbat arlotan garatu ahal izateko, eta horrek beti dakar erronka bat eta ilusionagarria da.<\/p>\t\t\t\t\t\t\t\t<\/div>\n\t\t\t\t<\/div>\n\t\t\t\t<div class=\"elementor-element elementor-element-6cfd942 elementor-widget elementor-widget-image\" data-id=\"6cfd942\" data-element_type=\"widget\" data-e-type=\"widget\" data-widget_type=\"image.default\">\n\t\t\t\t<div class=\"elementor-widget-container\">\n\t\t\t\t\t\t\t\t\t\t\t\t<figure class=\"wp-caption\">\n\t\t\t\t\t\t\t\t\t\t<img decoding=\"async\" width=\"960\" height=\"693\" src=\"https:\/\/www.usandizaga.com\/design\/wp-content\/uploads\/2022\/06\/EC_3.jpg\" class=\"attachment-large size-large wp-image-19893\" alt=\"El Colectivo: Irekian UPNA\" srcset=\"https:\/\/www.usandizaga.com\/design\/wp-content\/uploads\/2022\/06\/EC_3.jpg 960w, https:\/\/www.usandizaga.com\/design\/wp-content\/uploads\/2022\/06\/EC_3-326x235.jpg 326w, https:\/\/www.usandizaga.com\/design\/wp-content\/uploads\/2022\/06\/EC_3-768x554.jpg 768w\" sizes=\"(max-width: 960px) 100vw, 960px\" \/>\t\t\t\t\t\t\t\t\t\t\t<figcaption class=\"widget-image-caption wp-caption-text\">El Colectivo: Irekian UPNA<\/figcaption>\n\t\t\t\t\t\t\t\t\t\t<\/figure>\n\t\t\t\t\t\t\t\t\t<\/div>\n\t\t\t\t<\/div>\n\t\t\t\t\t<\/div>\n\t\t<\/div>\n\t\t\t\t\t<\/div>\n\t\t<\/section>\n\t\t\t\t<section class=\"elementor-section elementor-top-section elementor-element elementor-element-ecc10e8 elementor-section-boxed elementor-section-height-default elementor-section-height-default\" data-id=\"ecc10e8\" data-element_type=\"section\" data-e-type=\"section\">\n\t\t\t\t\t\t<div class=\"elementor-container elementor-column-gap-default\">\n\t\t\t\t\t<div class=\"elementor-column elementor-col-100 elementor-top-column elementor-element elementor-element-3913a1b\" data-id=\"3913a1b\" data-element_type=\"column\" data-e-type=\"column\">\n\t\t\t<div class=\"elementor-widget-wrap elementor-element-populated\">\n\t\t\t\t\t\t<div class=\"elementor-element elementor-element-e163326 elementor-widget elementor-widget-text-editor\" data-id=\"e163326\" data-element_type=\"widget\" data-e-type=\"widget\" data-widget_type=\"text-editor.default\">\n\t\t\t\t<div class=\"elementor-widget-container\">\n\t\t\t\t\t\t\t\t\t<p><strong>Zuen proiektuen artean, erakunde-nortasuneko hainbat proiektu ikusten ditugu. Nolakoa da marka bat garatzeko prozesua? Zer hartu behar da kontuan horrelako proiektuak garatzean?<\/strong><\/p><p>Identitate korporatiboak diseinatzeak sintesi grafikorako ahalegin handia eskatzen du. Helburua da ahalik eta baliabide grafiko gutxien dituen enpresa edo produktu baten maximoa esatea, inpaktua eta gogoangarritasuna irabazteko. Zalantzarik gabe, erronka handia diseinatzaile batentzat.<\/p><p>Horretara iristeko, bost fase dituen prozesu bat jarraitzen dugu. Lehenengoa da enpresari edo produktuari buruzko informazioa biltzea eta aztertzea, bai eta lehiari eta hartzaileari buruzkoa ere, eta pertsona horiek zer ikus-kode dituzten aztertzea.<\/p><p>Informazio horretatik guztitik, bigarren fase batean, enpresa edo produktu hori gainerakoetatik definitzen eta bereizten duten funtsezko kontzeptuen zerrenda bat atera daiteke. Hirugarren fasean, kontzeptu horiek sinbolo grafiko eta kolore-paleta batean itzuliko ditugu.<\/p><p>Hurrengo fasean, laugarrenean, marka bat osatzen duten elementuen konposizioa aztertuko dugu, normalean isotipoa eta logotipoa. Isotipoa zati sinbolikoa da, eta logotipoa enpresaren izena. Lehena, logotipoak dioena tipografiaren bidez batzen edo azpimarratzen duten kontzeptu batzuk komunikatzen saiatzen da. Tipografia aukeratzea oso garrantzitsua da, izendatzeko aukera emateaz gain, esanahia duen informazio bisual gehiago eman dezakeen elementu grafikoa ere badelako.<\/p><p>Marka eraiki ondoren, haren bertsio guztiak aurkeztuko ditugu, eta azalduko dugu nola aplikatu behar den behar bezala erakunde-nortasunaren eskuliburuan.<\/p>\t\t\t\t\t\t\t\t<\/div>\n\t\t\t\t<\/div>\n\t\t\t\t<div class=\"elementor-element elementor-element-11a0af9 elementor-widget elementor-widget-image\" data-id=\"11a0af9\" data-element_type=\"widget\" data-e-type=\"widget\" data-widget_type=\"image.default\">\n\t\t\t\t<div class=\"elementor-widget-container\">\n\t\t\t\t\t\t\t\t\t\t\t\t\t\t\t<img loading=\"lazy\" decoding=\"async\" width=\"960\" height=\"693\" src=\"https:\/\/www.usandizaga.com\/design\/wp-content\/uploads\/2022\/06\/EC_4.jpg\" class=\"attachment-large size-large wp-image-19894\" alt=\"El Colectivo: Naming, Identidad Gr\u00e1fica y packaging Verleal\" srcset=\"https:\/\/www.usandizaga.com\/design\/wp-content\/uploads\/2022\/06\/EC_4.jpg 960w, https:\/\/www.usandizaga.com\/design\/wp-content\/uploads\/2022\/06\/EC_4-326x235.jpg 326w, https:\/\/www.usandizaga.com\/design\/wp-content\/uploads\/2022\/06\/EC_4-768x554.jpg 768w\" sizes=\"(max-width: 960px) 100vw, 960px\" \/>\t\t\t\t\t\t\t\t\t\t\t\t\t\t\t<\/div>\n\t\t\t\t<\/div>\n\t\t\t\t\t<\/div>\n\t\t<\/div>\n\t\t\t\t\t<\/div>\n\t\t<\/section>\n\t\t\t\t<section class=\"elementor-section elementor-top-section elementor-element elementor-element-ea1f348 elementor-section-boxed elementor-section-height-default elementor-section-height-default\" data-id=\"ea1f348\" data-element_type=\"section\" data-e-type=\"section\">\n\t\t\t\t\t\t<div class=\"elementor-container elementor-column-gap-default\">\n\t\t\t\t\t<div class=\"elementor-column elementor-col-100 elementor-top-column elementor-element elementor-element-26da0e6\" data-id=\"26da0e6\" data-element_type=\"column\" data-e-type=\"column\">\n\t\t\t<div class=\"elementor-widget-wrap elementor-element-populated\">\n\t\t\t\t\t\t<div class=\"elementor-element elementor-element-4323491 elementor-widget elementor-widget-text-editor\" data-id=\"4323491\" data-element_type=\"widget\" data-e-type=\"widget\" data-widget_type=\"text-editor.default\">\n\t\t\t\t<div class=\"elementor-widget-container\">\n\t\t\t\t\t\t\t\t\t<p><strong>Atentzioa deitzen digu, halaber, Nafarroako Ospitaleko seinaleak garatu dituzuela, lan fin eta zorrotza dirudi.<\/strong><\/p><p>Horrelako proiektuek argi erakusten dute diseinu-lanak aurretiazko azterketa- eta dokumentazio-lan handia duela. Ordu asko dira esku hartuko den espazioan egoteko, eraikinaren arkitektura eta akaberak baloratzeko, pertsonen igarobide naturalak aztertzeko, transmitituko den informazioaren sintesia lantzeko.<\/p><p>Aurretiko lan horren guztiaren emaitza seinale-sistema zabal bat da, hainbat euskarritan, espazioan modu natural eta harmoniatsuan integratu behar direnak eta pertsonen fluxua gidatzeko funtzioa betetzen dutenak.<\/p>\t\t\t\t\t\t\t\t<\/div>\n\t\t\t\t<\/div>\n\t\t\t\t<div class=\"elementor-element elementor-element-eddbd91 elementor-widget elementor-widget-image\" data-id=\"eddbd91\" data-element_type=\"widget\" data-e-type=\"widget\" data-widget_type=\"image.default\">\n\t\t\t\t<div class=\"elementor-widget-container\">\n\t\t\t\t\t\t\t\t\t\t\t\t\t\t\t<img loading=\"lazy\" decoding=\"async\" width=\"960\" height=\"693\" src=\"https:\/\/www.usandizaga.com\/design\/wp-content\/uploads\/2022\/06\/EC_5.jpg\" class=\"attachment-large size-large wp-image-19896\" alt=\"El Colectivo: Se\u00f1alizaci\u00f3n Hospital de Navarra\" srcset=\"https:\/\/www.usandizaga.com\/design\/wp-content\/uploads\/2022\/06\/EC_5.jpg 960w, https:\/\/www.usandizaga.com\/design\/wp-content\/uploads\/2022\/06\/EC_5-326x235.jpg 326w, https:\/\/www.usandizaga.com\/design\/wp-content\/uploads\/2022\/06\/EC_5-768x554.jpg 768w\" sizes=\"(max-width: 960px) 100vw, 960px\" \/>\t\t\t\t\t\t\t\t\t\t\t\t\t\t\t<\/div>\n\t\t\t\t<\/div>\n\t\t\t\t\t<\/div>\n\t\t<\/div>\n\t\t\t\t\t<\/div>\n\t\t<\/section>\n\t\t\t\t<section class=\"elementor-section elementor-top-section elementor-element elementor-element-2259cf8 elementor-section-boxed elementor-section-height-default elementor-section-height-default\" data-id=\"2259cf8\" data-element_type=\"section\" data-e-type=\"section\">\n\t\t\t\t\t\t<div class=\"elementor-container elementor-column-gap-default\">\n\t\t\t\t\t<div class=\"elementor-column elementor-col-100 elementor-top-column elementor-element elementor-element-e0785f8\" data-id=\"e0785f8\" data-element_type=\"column\" data-e-type=\"column\">\n\t\t\t<div class=\"elementor-widget-wrap elementor-element-populated\">\n\t\t\t\t\t\t<div class=\"elementor-element elementor-element-ce23d01 elementor-widget elementor-widget-text-editor\" data-id=\"ce23d01\" data-element_type=\"widget\" data-e-type=\"widget\" data-widget_type=\"text-editor.default\">\n\t\t\t\t<div class=\"elementor-widget-container\">\n\t\t\t\t\t\t\t\t\t<p><strong>Zuen lana inspirazio iturri dagure. Zertan inspiratzen da Kolektiboa? Jarraitu beharreko pertsona eta agentzia sortzaileak?<\/strong><\/p><p>Inspirazioa leku askotatik dator, batzuetan lekuetatik, pertsonengandik, abestietatik, filmetatik, susmorik gabekoetatik. Behaketa funtsezkoa da sormenerako, begiak zabalik edukitzea inguruan dituzun guztientzat, belakiak bezalakoak izatea.<\/p><p>Esparru profesionalaren barruan, pertsona batzuk oso inspiratzaileak zaizkigu, <span style=\"font-weight: 400;\"><a href=\"https:\/\/javierjaen.com\/\" target=\"_blank\" rel=\"noopener\">Javier Ja\u00e9n<\/a><\/span> adibidez, freskotasuna eta sormena direla eta. Bartzelonako\u00a0 estudioa Asko branding eta Studio Animal lan bikainengatik, merkataritza-guneetan kolorea erabiltzeagatik. Mundu mailan egiten ari diren hainbeste lanetarako sarbidea dugu, eta kontuz ibili behar dugu ez zaitzan estutu, museo batera doan norbait bezala miretsi, baina alde batera utzi, baldintzatu ez zaitzan.<\/p><p>Ahal den neurrian, Bilbon egiten ari diren diseinuaren inguruko jaialdietara joaten gara, hala nola <span style=\"font-weight: 400;\"><a href=\"https:\/\/serifalaris.com\/\" target=\"_blank\" rel=\"noopener\">Serifalaris<\/a><\/span> eta <span style=\"font-weight: 400;\"><a href=\"https:\/\/selectedinspiration.com\/\" target=\"_blank\" rel=\"noopener\">Selected<\/a><\/span> edo Bartzelonako <span style=\"font-weight: 400;\"><a href=\"https:\/\/blancfestival.com\/\" target=\"_blank\" rel=\"noopener\">Blanc<\/a><\/span> jaialdietara. Jaialdi hauetan, lankide askorekin bat egiteaz gain, beste diseinatzaile batzuen lanak ezagutzeko eta masterclassetara joateko aukera dugu. Oso inspiratzailea eta gomendagarria da.<\/p>\t\t\t\t\t\t\t\t<\/div>\n\t\t\t\t<\/div>\n\t\t\t\t<div class=\"elementor-element elementor-element-cab22bc elementor-widget elementor-widget-image\" data-id=\"cab22bc\" data-element_type=\"widget\" data-e-type=\"widget\" data-widget_type=\"image.default\">\n\t\t\t\t<div class=\"elementor-widget-container\">\n\t\t\t\t\t\t\t\t\t\t\t\t\t\t\t<img loading=\"lazy\" decoding=\"async\" width=\"960\" height=\"693\" src=\"https:\/\/www.usandizaga.com\/design\/wp-content\/uploads\/2022\/06\/EC_6.jpg\" class=\"attachment-large size-large wp-image-19898\" alt=\"El Colectivo: Packaging Palacio de Sada\" srcset=\"https:\/\/www.usandizaga.com\/design\/wp-content\/uploads\/2022\/06\/EC_6.jpg 960w, https:\/\/www.usandizaga.com\/design\/wp-content\/uploads\/2022\/06\/EC_6-326x235.jpg 326w, https:\/\/www.usandizaga.com\/design\/wp-content\/uploads\/2022\/06\/EC_6-768x554.jpg 768w\" sizes=\"(max-width: 960px) 100vw, 960px\" \/>\t\t\t\t\t\t\t\t\t\t\t\t\t\t\t<\/div>\n\t\t\t\t<\/div>\n\t\t\t\t\t<\/div>\n\t\t<\/div>\n\t\t\t\t\t<\/div>\n\t\t<\/section>\n\t\t\t\t<section class=\"elementor-section elementor-top-section elementor-element elementor-element-68439d0 elementor-section-boxed elementor-section-height-default elementor-section-height-default\" data-id=\"68439d0\" data-element_type=\"section\" data-e-type=\"section\">\n\t\t\t\t\t\t<div class=\"elementor-container elementor-column-gap-default\">\n\t\t\t\t\t<div class=\"elementor-column elementor-col-100 elementor-top-column elementor-element elementor-element-926206e\" data-id=\"926206e\" data-element_type=\"column\" data-e-type=\"column\">\n\t\t\t<div class=\"elementor-widget-wrap elementor-element-populated\">\n\t\t\t\t\t\t<div class=\"elementor-element elementor-element-53c83d5 elementor-widget elementor-widget-text-editor\" data-id=\"53c83d5\" data-element_type=\"widget\" data-e-type=\"widget\" data-widget_type=\"text-editor.default\">\n\t\t\t\t<div class=\"elementor-widget-container\">\n\t\t\t\t\t\t\t\t\t<p><strong>Garai nahasiak bizi ditugu. Zuen ustez, zer erantzukizun du diseinuak gizartearekiko?<\/strong><\/p><p>Diseinuak bizitza errazten du. Zein zentzutan? Bizi garen mundu konplexu honetan, diseinu grafikoak informazioa, baita konplexuena ere, ulertzen errazagoak diren ikusizko kode bihurtzen du, eta, gainera, ongizatea ematen duen edo atseginagoa egiten duen balio estetikoa ematen du. Adibide bat, ondo egituratutako infografia baten bidez komunikatutako gatazka beliko bat bezalako gai konplexu bat, ulergarria da.<\/p><p>2020an, pandemiaren urtean, Nafarroako Unibertsitate Publikoak, Laboral Kutxarekin batera, historian zehar pandemiei buruz hitz egingo zuen instalazio bat egiteko agindu zigun, COVID-19aren eragina perspektibarekin baloratzeko. Oraingo honetan Ana Garc\u00eda arkitekto eta museografoarekin elkarlanean aritu gara, eta historian zehar COVID-19aren ondorioz hildakoekin lotuta epidemia nagusietan hil ziren pertsonen kopuruari buruzko irudikapen grafiko eskultorikoa planteatu dugu. Ikuskegia &#8211; Perspektiban, gertatu zaiguna erlatibizatzeko balio duen instalazioa da, diseinuak mota guztietako gaiak modu erraz eta atseginagoan azaltzen laguntzen digu.<\/p>\t\t\t\t\t\t\t\t<\/div>\n\t\t\t\t<\/div>\n\t\t\t\t<div class=\"elementor-element elementor-element-23d4dfc elementor-widget elementor-widget-image\" data-id=\"23d4dfc\" data-element_type=\"widget\" data-e-type=\"widget\" data-widget_type=\"image.default\">\n\t\t\t\t<div class=\"elementor-widget-container\">\n\t\t\t\t\t\t\t\t\t\t\t\t\t\t\t<img loading=\"lazy\" decoding=\"async\" width=\"960\" height=\"693\" src=\"https:\/\/www.usandizaga.com\/design\/wp-content\/uploads\/2022\/06\/EC_7.jpg\" class=\"attachment-large size-large wp-image-19900\" alt=\"El Colectivo: Instalaci\u00f3n Identidad Universidad P\u00fablica de Navarra\" srcset=\"https:\/\/www.usandizaga.com\/design\/wp-content\/uploads\/2022\/06\/EC_7.jpg 960w, https:\/\/www.usandizaga.com\/design\/wp-content\/uploads\/2022\/06\/EC_7-326x235.jpg 326w, https:\/\/www.usandizaga.com\/design\/wp-content\/uploads\/2022\/06\/EC_7-768x554.jpg 768w\" sizes=\"(max-width: 960px) 100vw, 960px\" \/>\t\t\t\t\t\t\t\t\t\t\t\t\t\t\t<\/div>\n\t\t\t\t<\/div>\n\t\t\t\t\t<\/div>\n\t\t<\/div>\n\t\t\t\t\t<\/div>\n\t\t<\/section>\n\t\t\t\t<section class=\"elementor-section elementor-top-section elementor-element elementor-element-cd443a9 elementor-section-boxed elementor-section-height-default elementor-section-height-default\" data-id=\"cd443a9\" data-element_type=\"section\" data-e-type=\"section\">\n\t\t\t\t\t\t<div class=\"elementor-container elementor-column-gap-default\">\n\t\t\t\t\t<div class=\"elementor-column elementor-col-100 elementor-top-column elementor-element elementor-element-50d47b3\" data-id=\"50d47b3\" data-element_type=\"column\" data-e-type=\"column\">\n\t\t\t<div class=\"elementor-widget-wrap elementor-element-populated\">\n\t\t\t\t\t\t<div class=\"elementor-element elementor-element-c47c1eb elementor-widget elementor-widget-text-editor\" data-id=\"c47c1eb\" data-element_type=\"widget\" data-e-type=\"widget\" data-widget_type=\"text-editor.default\">\n\t\t\t\t<div class=\"elementor-widget-container\">\n\t\t\t\t\t\t\t\t\t<p><strong>Sormenaren munduari begirada bat emanez, nola ikusten duzue komunikazio grafikoaren arloen garapena Nafarroan? Nola ikusten duzue nazioartean? Zuen ustez, norantz doaz joerak?<\/strong><\/p><p>Diseinuaren esparruan, modako diseinua, barrukoa, produktua eta antzeko eremuen arteko mugak desitxuratu egiten dira. Markek produktuak saltzen dituzten espazioak sortzen dituzte, diseinuaren ikuspegitik dena koherentea da. Diseinu globaleko proiektuetan parte hartzeko eta laguntzeko prest egon behar dugu, erronka eta, aldi berean, zirraragarria baita.<\/p><p>Uste dugu diseinatzaileentzat lan handia dagoela, gero eta euskarri gehiago agertzen direlako eta irudia gailentzen delako komunikatzeko modu nagusi gisa. Irudi hori diseinatzaileek eraiki behar dute, eta orain garrantzitsua da bezeroak eta publiko orokorra profesionalak izatearen garrantziaz heztea.<\/p>\t\t\t\t\t\t\t\t<\/div>\n\t\t\t\t<\/div>\n\t\t\t\t<div class=\"elementor-element elementor-element-6ac6d7f elementor-widget elementor-widget-image\" data-id=\"6ac6d7f\" data-element_type=\"widget\" data-e-type=\"widget\" data-widget_type=\"image.default\">\n\t\t\t\t<div class=\"elementor-widget-container\">\n\t\t\t\t\t\t\t\t\t\t\t\t\t\t\t<img loading=\"lazy\" decoding=\"async\" width=\"960\" height=\"693\" src=\"https:\/\/www.usandizaga.com\/design\/wp-content\/uploads\/2022\/06\/EC_8-1.jpg\" class=\"attachment-large size-large wp-image-19907\" alt=\"El Colectivo: Branding e Identidad gr\u00e1fica, Biblioteca de Navarra\" srcset=\"https:\/\/www.usandizaga.com\/design\/wp-content\/uploads\/2022\/06\/EC_8-1.jpg 960w, https:\/\/www.usandizaga.com\/design\/wp-content\/uploads\/2022\/06\/EC_8-1-326x235.jpg 326w, https:\/\/www.usandizaga.com\/design\/wp-content\/uploads\/2022\/06\/EC_8-1-768x554.jpg 768w\" sizes=\"(max-width: 960px) 100vw, 960px\" \/>\t\t\t\t\t\t\t\t\t\t\t\t\t\t\t<\/div>\n\t\t\t\t<\/div>\n\t\t\t\t\t<\/div>\n\t\t<\/div>\n\t\t\t\t\t<\/div>\n\t\t<\/section>\n\t\t\t\t<section class=\"elementor-section elementor-top-section elementor-element elementor-element-f4c86e3 elementor-section-boxed elementor-section-height-default elementor-section-height-default\" data-id=\"f4c86e3\" data-element_type=\"section\" data-e-type=\"section\">\n\t\t\t\t\t\t<div class=\"elementor-container elementor-column-gap-default\">\n\t\t\t\t\t<div class=\"elementor-column elementor-col-100 elementor-top-column elementor-element elementor-element-7950f2b\" data-id=\"7950f2b\" data-element_type=\"column\" data-e-type=\"column\">\n\t\t\t<div class=\"elementor-widget-wrap elementor-element-populated\">\n\t\t\t\t\t\t<div class=\"elementor-element elementor-element-91d6963 elementor-widget elementor-widget-text-editor\" data-id=\"91d6963\" data-element_type=\"widget\" data-e-type=\"widget\" data-widget_type=\"text-editor.default\">\n\t\t\t\t<div class=\"elementor-widget-container\">\n\t\t\t\t\t\t\t\t\t<p><strong>Orainari begira eta etorkizunari begira, zertan ari zarete lanean orain? Zein proiektutan lan egitea gustatuko litzaizueke etorkizunean?<\/strong><\/p><p>Gaur egun, oso proiektu desberdinak lantzen ari gara: elikadurarako packaging lerro bat diseinatzea, instalazio museografiko bat, nekazaritzako elikagaien sektorerako marka bat eta diseinuaren arlo desberdinak. Eta hori gustatzen zaigu.<\/p><p>Etorkizunean, arlo horietan lan egiten jarraitzea gustatuko litzaiguke, baina erakusketen diseinua asko interesatzen zaigu. Oro har, ukitu daitekeen diseinua egitea gustatzen zaigu, baina euskarri digitaleko diseinuak ere liluratu egiten gaitu, batez ere animazioaren aukeragatik.<\/p>\t\t\t\t\t\t\t\t<\/div>\n\t\t\t\t<\/div>\n\t\t\t\t<div class=\"elementor-element elementor-element-686b6d0 elementor-widget elementor-widget-image\" data-id=\"686b6d0\" data-element_type=\"widget\" data-e-type=\"widget\" data-widget_type=\"image.default\">\n\t\t\t\t<div class=\"elementor-widget-container\">\n\t\t\t\t\t\t\t\t\t\t\t\t\t\t\t<img loading=\"lazy\" decoding=\"async\" width=\"960\" height=\"693\" src=\"https:\/\/www.usandizaga.com\/design\/wp-content\/uploads\/2022\/06\/EC9-El-Colectivo-Biblioteca-de-Navarra.jpg\" class=\"attachment-large size-large wp-image-19909\" alt=\"El Colectivo, Biblioteca de Navarra\" srcset=\"https:\/\/www.usandizaga.com\/design\/wp-content\/uploads\/2022\/06\/EC9-El-Colectivo-Biblioteca-de-Navarra.jpg 960w, https:\/\/www.usandizaga.com\/design\/wp-content\/uploads\/2022\/06\/EC9-El-Colectivo-Biblioteca-de-Navarra-326x235.jpg 326w, https:\/\/www.usandizaga.com\/design\/wp-content\/uploads\/2022\/06\/EC9-El-Colectivo-Biblioteca-de-Navarra-768x554.jpg 768w\" sizes=\"(max-width: 960px) 100vw, 960px\" \/>\t\t\t\t\t\t\t\t\t\t\t\t\t\t\t<\/div>\n\t\t\t\t<\/div>\n\t\t\t\t\t<\/div>\n\t\t<\/div>\n\t\t\t\t\t<\/div>\n\t\t<\/section>\n\t\t\t\t<section class=\"elementor-section elementor-top-section elementor-element elementor-element-757048f elementor-section-boxed elementor-section-height-default elementor-section-height-default\" data-id=\"757048f\" data-element_type=\"section\" data-e-type=\"section\">\n\t\t\t\t\t\t<div class=\"elementor-container elementor-column-gap-default\">\n\t\t\t\t\t<div class=\"elementor-column elementor-col-100 elementor-top-column elementor-element elementor-element-3d1fd42\" data-id=\"3d1fd42\" data-element_type=\"column\" data-e-type=\"column\">\n\t\t\t<div class=\"elementor-widget-wrap elementor-element-populated\">\n\t\t\t\t\t\t<div class=\"elementor-element elementor-element-50903c3 elementor-widget elementor-widget-text-editor\" data-id=\"50903c3\" data-element_type=\"widget\" data-e-type=\"widget\" data-widget_type=\"text-editor.default\">\n\t\t\t\t<div class=\"elementor-widget-container\">\n\t\t\t\t\t\t\t\t\t<p><b>Para terminar con esta entrevista \u00bfQu\u00e9 les dir\u00eda El Colectivo a les estudiantes de dise\u00f1o que ser\u00e1n les creatives del futuro?<\/b><\/p><p>Nuestra profesi\u00f3n es apasionante, divertida y cero mon\u00f3tona pero implica estar continuamente actualizado en tendencias y herramientas de trabajo.\u00a0<\/p><p>Nuestros consejos: dar lo mejor de uno mismo en cada proyecto y no olvidar que el dise\u00f1o gr\u00e1fico es una forma de comunicaci\u00f3n al servicio de un mensaje que hay que transmitir. Es funcional al mismo tiempo que est\u00e9tico.<\/p>\t\t\t\t\t\t\t\t<\/div>\n\t\t\t\t<\/div>\n\t\t\t\t<div class=\"elementor-element elementor-element-5203587 elementor-widget elementor-widget-image\" data-id=\"5203587\" data-element_type=\"widget\" data-e-type=\"widget\" data-widget_type=\"image.default\">\n\t\t\t\t<div class=\"elementor-widget-container\">\n\t\t\t\t\t\t\t\t\t\t\t\t\t\t\t<img loading=\"lazy\" decoding=\"async\" width=\"960\" height=\"693\" src=\"https:\/\/www.usandizaga.com\/design\/wp-content\/uploads\/2022\/06\/El-Colectivo-UPNA.jpg\" class=\"attachment-large size-large wp-image-19911\" alt=\"El Colectivo: Campa\u00f1a Spoiler UPNA\" srcset=\"https:\/\/www.usandizaga.com\/design\/wp-content\/uploads\/2022\/06\/El-Colectivo-UPNA.jpg 960w, https:\/\/www.usandizaga.com\/design\/wp-content\/uploads\/2022\/06\/El-Colectivo-UPNA-326x235.jpg 326w, https:\/\/www.usandizaga.com\/design\/wp-content\/uploads\/2022\/06\/El-Colectivo-UPNA-768x554.jpg 768w\" sizes=\"(max-width: 960px) 100vw, 960px\" \/>\t\t\t\t\t\t\t\t\t\t\t\t\t\t\t<\/div>\n\t\t\t\t<\/div>\n\t\t\t\t\t<\/div>\n\t\t<\/div>\n\t\t\t\t\t<\/div>\n\t\t<\/section>\n\t\t\t\t<\/div>\n\t\t","protected":false},"excerpt":{"rendered":"<p>Juantxo Ibarrola eta Ainhoa Urrutia, bokazio handiko diseinatzaileak Kolektiboa Iru\u00f1ean bizi den diseinu-estudio bat da, eta jakin-min grafikoa mugiarazten du eta diseinu grafikoaren hainbat arlotan garatzen du bere lana: kartelak, &#8230; <a title=\"EL COLECTIVO\" class=\"read-more\" href=\"https:\/\/www.usandizaga.com\/design\/eu\/el-colectivo\/\" aria-label=\"Leer m\u00e1s sobre EL COLECTIVO\">+info<\/a><\/p>\n","protected":false},"author":1,"featured_media":19920,"comment_status":"closed","ping_status":"closed","sticky":false,"template":"","format":"standard","meta":{"generate_page_header":"","footnotes":""},"categories":[742],"tags":[],"class_list":["post-19923","post","type-post","status-publish","format-standard","has-post-thumbnail","hentry","category-elkarrizketa-sortzaileak","generate-columns","tablet-grid-50","mobile-grid-100","grid-parent","grid-33","resize-featured-image"],"lang":"eu","translations":{"eu":19923,"es":19883},"pll_sync_post":[],"_links":{"self":[{"href":"https:\/\/www.usandizaga.com\/design\/wp-json\/wp\/v2\/posts\/19923","targetHints":{"allow":["GET"]}}],"collection":[{"href":"https:\/\/www.usandizaga.com\/design\/wp-json\/wp\/v2\/posts"}],"about":[{"href":"https:\/\/www.usandizaga.com\/design\/wp-json\/wp\/v2\/types\/post"}],"author":[{"embeddable":true,"href":"https:\/\/www.usandizaga.com\/design\/wp-json\/wp\/v2\/users\/1"}],"replies":[{"embeddable":true,"href":"https:\/\/www.usandizaga.com\/design\/wp-json\/wp\/v2\/comments?post=19923"}],"version-history":[{"count":0,"href":"https:\/\/www.usandizaga.com\/design\/wp-json\/wp\/v2\/posts\/19923\/revisions"}],"wp:featuredmedia":[{"embeddable":true,"href":"https:\/\/www.usandizaga.com\/design\/wp-json\/wp\/v2\/media\/19920"}],"wp:attachment":[{"href":"https:\/\/www.usandizaga.com\/design\/wp-json\/wp\/v2\/media?parent=19923"}],"wp:term":[{"taxonomy":"category","embeddable":true,"href":"https:\/\/www.usandizaga.com\/design\/wp-json\/wp\/v2\/categories?post=19923"},{"taxonomy":"post_tag","embeddable":true,"href":"https:\/\/www.usandizaga.com\/design\/wp-json\/wp\/v2\/tags?post=19923"}],"curies":[{"name":"wp","href":"https:\/\/api.w.org\/{rel}","templated":true}]}}