{"id":2480,"date":"2012-04-02T22:43:28","date_gmt":"2012-04-02T21:43:28","guid":{"rendered":"http:\/\/www.usandizaga.com\/design\/?p=2480"},"modified":"2019-05-29T23:10:17","modified_gmt":"2019-05-29T21:10:17","slug":"cuando-habra-arquitectura-abismo","status":"publish","type":"post","link":"https:\/\/www.usandizaga.com\/design\/cuando-habra-arquitectura-abismo\/","title":{"rendered":"\u00ab\u00bfCu\u00e1ndo habr\u00e1 arquitectura?\u00bb y \u00abAbismos. Laberintos de la imagen\u00bb visita al Koldo Mitxelena"},"content":{"rendered":"<h2>\u00bfCu\u00e1ndo habr\u00e1 arquitectura? Santos Brega\u00f1a nos sit\u00faa en la exposici\u00f3n<\/h2>\n<p>En la sala Ganbara recibimos un \u00abpastelazo\u00bb directo, a la manera del viejo cine mudo, con el escrito introductorio de Aizpurua. Arquitectos-Pasteleros. Ornamento y delito. Y es que del t\u00e1ndem Aizpurua-Labayen, de aquella incipiente arquitectura racionalista que asomaba entonces por la ciudad cosmopolita-provinciana que era San Sebasti\u00e1n y que sesg\u00f3 de cuajo la Guerra Civil, va la exposici\u00f3n. Contamos con la suerte de ser guiados por <strong>Santos Brega\u00f1a<\/strong> que ha sido coordinador de la misma. Suerte inmensa porque, m\u00e1s all\u00e1 de lo que las paredes cuentan (y ya es mucho si consideramos que es la primera vez que este material sale a la luz), Santos nos sit\u00faa dentro del montaje de la misma, en la \u00faltima tecnolog\u00eda empleada para recrear las maquetas, en la necesidad de revisar los hallazgos atemporales de la Historia (esa tipograf\u00eda Bembo de Manutio), en las contradicciones (que tambi\u00e9n las tuvo), de aquella arquitectura que, queriendo ser social, no supo, en un nuevo y fracasado intento tras William Morris, alcanzar una democracia de clases&#8230; Acaba Santos con unos consejos de futuro para entender la relaci\u00f3n dise\u00f1ador-cliente fruto de sus veinte a\u00f1os de experiencia y como salvoconducto para estos a\u00f1os de crisis, tan semejante por lo dem\u00e1s a la de aquellos a\u00f1os veinte, y para los venideros.<\/p>\n<p><a href=\"http:\/\/www.usandizaga.com\/design\/wp-content\/uploads\/2012\/04\/IMG_8006.jpg\"><img fetchpriority=\"high\" decoding=\"async\" class=\"size-large wp-image-2483 aligncenter\" title=\"IMG_8006\" src=\"http:\/\/www.usandizaga.com\/design\/wp-content\/uploads\/2012\/04\/IMG_8006-800x600.jpg\" alt=\"\" width=\"800\" height=\"600\" srcset=\"https:\/\/www.usandizaga.com\/design\/wp-content\/uploads\/2012\/04\/IMG_8006-800x600.jpg 800w, https:\/\/www.usandizaga.com\/design\/wp-content\/uploads\/2012\/04\/IMG_8006-300x225.jpg 300w, https:\/\/www.usandizaga.com\/design\/wp-content\/uploads\/2012\/04\/IMG_8006.jpg 1000w\" sizes=\"(max-width: 800px) 100vw, 800px\" \/><\/a><\/p>\n<h2>Abismos. Laberintos de la imagen: Javier Arce nos pierde en el laberinto.<\/h2>\n<p>Asistimos a la puesta en pr\u00e1ctica de la mano de cuatro artistas, <strong>I\u00f1aki Gracenea, Henna Nadeem, Javier Arce<\/strong> y <strong>Sheena Macrae<\/strong> de algunos de los conceptos desarrollados a lo largo del pasado siglo en lo que se refiere a la \u00abobra dentro de la obra\u00bb, el Mise en abyme, de Andr\u00e9 Gide que sugiere el t\u00edtulo de la exposici\u00f3n y a la p\u00e9rdida del aura original que toda obra de arte sufre al ser apropiada y manipulada por otros autores tal y como cont\u00f3 Walter Benjamin en su \u00abLa obra de arte en la \u00e9poca de su reproductibilidad t\u00e9cnica\u00bb. Hemos contado aqu\u00ed tambi\u00e9n con el directo de <strong>Javier Arce<\/strong>, venido desde Santander a explicarnos los procesos t\u00e9cnicos (proyector, rotuladores Montana&#8230;), y planteamientos conceptuales para la realizaci\u00f3n de su serie \u00abEstrujados\u00bb y otra m\u00e1s reciente en la que sobre cristal o vinilo \u00abcopia\u00bb performances de otros artistas actuales. Y es que Javier engurru\u00f1a y abisma en su batidora del tiempo la obra de gentes varias como Goya, los Chapman, Damien Hirst y su tibur\u00f3n o el \u00abcabez\u00f3n\u00bb de Picasso. Ideas que, simuladamente, fueron apelotadas y arrojadas a la papelera son arrugas que hoy nos reclaman inquisitivamente desde las paredes. El encanto de lo rechazado y redescubierto.<\/p>\n<p><a href=\"http:\/\/www.usandizaga.com\/design\/wp-content\/uploads\/2012\/04\/IMG_8010.jpg\"><img decoding=\"async\" class=\"aligncenter size-large wp-image-2484\" title=\"IMG_8010\" src=\"http:\/\/www.usandizaga.com\/design\/wp-content\/uploads\/2012\/04\/IMG_8010-800x600.jpg\" alt=\"\" width=\"800\" height=\"600\" srcset=\"https:\/\/www.usandizaga.com\/design\/wp-content\/uploads\/2012\/04\/IMG_8010-800x600.jpg 800w, https:\/\/www.usandizaga.com\/design\/wp-content\/uploads\/2012\/04\/IMG_8010-300x225.jpg 300w, https:\/\/www.usandizaga.com\/design\/wp-content\/uploads\/2012\/04\/IMG_8010.jpg 1000w\" sizes=\"(max-width: 800px) 100vw, 800px\" \/><\/a><\/p>\n","protected":false},"excerpt":{"rendered":"<p>\u00bfCu\u00e1ndo habr\u00e1 arquitectura? Santos Brega\u00f1a nos sit\u00faa en la exposici\u00f3n En la sala Ganbara recibimos un \u00abpastelazo\u00bb directo, a la manera del viejo cine mudo, con el escrito introductorio de &#8230; <a title=\"\u00ab\u00bfCu\u00e1ndo habr\u00e1 arquitectura?\u00bb y \u00abAbismos. Laberintos de la imagen\u00bb visita al Koldo Mitxelena\" class=\"read-more\" href=\"https:\/\/www.usandizaga.com\/design\/cuando-habra-arquitectura-abismo\/\" aria-label=\"Leer m\u00e1s sobre \u00ab\u00bfCu\u00e1ndo habr\u00e1 arquitectura?\u00bb y \u00abAbismos. Laberintos de la imagen\u00bb visita al Koldo Mitxelena\">+info<\/a><\/p>\n","protected":false},"author":1,"featured_media":2485,"comment_status":"closed","ping_status":"open","sticky":false,"template":"","format":"standard","meta":{"generate_page_header":"","footnotes":""},"categories":[145],"tags":[45,20,150,144],"class_list":["post-2480","post","type-post","status-publish","format-standard","has-post-thumbnail","hentry","category-diseinua-eta-sormena","tag-actividadesciclo-formativo","tag-diseno-grafico-2","tag-exposicion","tag-exposiciones","generate-columns","tablet-grid-50","mobile-grid-100","grid-parent","grid-33"],"lang":"es","translations":{"es":2480},"pll_sync_post":[],"_links":{"self":[{"href":"https:\/\/www.usandizaga.com\/design\/wp-json\/wp\/v2\/posts\/2480","targetHints":{"allow":["GET"]}}],"collection":[{"href":"https:\/\/www.usandizaga.com\/design\/wp-json\/wp\/v2\/posts"}],"about":[{"href":"https:\/\/www.usandizaga.com\/design\/wp-json\/wp\/v2\/types\/post"}],"author":[{"embeddable":true,"href":"https:\/\/www.usandizaga.com\/design\/wp-json\/wp\/v2\/users\/1"}],"replies":[{"embeddable":true,"href":"https:\/\/www.usandizaga.com\/design\/wp-json\/wp\/v2\/comments?post=2480"}],"version-history":[{"count":0,"href":"https:\/\/www.usandizaga.com\/design\/wp-json\/wp\/v2\/posts\/2480\/revisions"}],"wp:featuredmedia":[{"embeddable":true,"href":"https:\/\/www.usandizaga.com\/design\/wp-json\/wp\/v2\/media\/2485"}],"wp:attachment":[{"href":"https:\/\/www.usandizaga.com\/design\/wp-json\/wp\/v2\/media?parent=2480"}],"wp:term":[{"taxonomy":"category","embeddable":true,"href":"https:\/\/www.usandizaga.com\/design\/wp-json\/wp\/v2\/categories?post=2480"},{"taxonomy":"post_tag","embeddable":true,"href":"https:\/\/www.usandizaga.com\/design\/wp-json\/wp\/v2\/tags?post=2480"}],"curies":[{"name":"wp","href":"https:\/\/api.w.org\/{rel}","templated":true}]}}