{"id":2569,"date":"2012-04-27T11:00:24","date_gmt":"2012-04-27T09:00:24","guid":{"rendered":"http:\/\/www.usandizaga.com\/design\/?p=2569"},"modified":"2019-05-29T23:10:16","modified_gmt":"2019-05-29T21:10:16","slug":"entrevista-al-disenador-julen-cano-diseno-y-pasion","status":"publish","type":"post","link":"https:\/\/www.usandizaga.com\/design\/entrevista-al-disenador-julen-cano-diseno-y-pasion\/","title":{"rendered":"Entrevista al dise\u00f1ador Julen Cano: dise\u00f1o y pasi\u00f3n."},"content":{"rendered":"<h2>Doce meses, doce preguntas a doce creadores<\/h2>\n<p>Con esta comenzamos una serie de entrevistas que realizaremos a dise\u00f1adores, ilustradores, fot\u00f3grafos, tip\u00f3grafos y dem\u00e1s creativos que consideramos destacables. Publicaremos una entrevista por cada mes del a\u00f1o.<\/p>\n<h2>Julen Cano: pasi\u00f3n, creatividad y energ\u00eda<\/h2>\n<p>Bertold Brech (en otro contexto), habl\u00f3 de los imprescindibles. Aquellos que llegan al final de las cosas. Hay alumnos imprescindibles. Y m\u00e1s all\u00e1 de los imprescindibles (y a\u00fan en menor n\u00famero), est\u00e1n los inolvidables. Aquellos que ayudan generosamente a todos (profesor inclu\u00eddo), a superarse en sus metas, que trasmiten la alegr\u00eda de vivir, que unen esfuerzo y don, que marcar\u00e1n camino. Julen fue uno de ellos.<\/p>\n<p><strong><a title=\"Julen Cano\" href=\"http:\/\/julencano.com\/\" target=\"_blank\" rel=\"noopener noreferrer\">Julen Cano<\/a>\u00a0<\/strong>antiguo alumno de Usandizaga Dise\u00f1o,\u00a0actualmente trabaja en el estudio de dise\u00f1o <a title=\"Laia atelier\" href=\"http:\/\/www.laiaweb.com\/\" target=\"_blank\" rel=\"noopener noreferrer\">Laia<\/a>, y hoy nos contesta doce preguntas.<\/p>\n<h2>1. \u00bfcu\u00e1ndo y por qu\u00e9 empezaste a dise\u00f1ar?<\/h2>\n<p>Si se considera dise\u00f1o a la forma de comprensi\u00f3n de nuestro entorno, entonces empec\u00e9 desde ni\u00f1o. Si no es as\u00ed, mi primer contacto lo tuve gracias a la asignatura opcional de Dise\u00f1o del bachillerato del Usandizaga. El motivo de su elecci\u00f3n, intentar encontrar un nuevo lenguaje con el que expresar mis sentimientos y aquellas cosas inexplicables\u00a0que suced\u00edan en mi entorno.<\/p>\n<p><a href=\"http:\/\/www.usandizaga.com\/design\/wp-content\/uploads\/2012\/04\/imagotipo_color.jpg\"><img fetchpriority=\"high\" decoding=\"async\" class=\"aligncenter size-full wp-image-2589\" title=\"imagotipo_color\" src=\"http:\/\/www.usandizaga.com\/design\/wp-content\/uploads\/2012\/04\/imagotipo_color.jpg\" alt=\"\" width=\"644\" height=\"483\" srcset=\"https:\/\/www.usandizaga.com\/design\/wp-content\/uploads\/2012\/04\/imagotipo_color.jpg 644w, https:\/\/www.usandizaga.com\/design\/wp-content\/uploads\/2012\/04\/imagotipo_color-300x225.jpg 300w\" sizes=\"(max-width: 644px) 100vw, 644px\" \/><\/a><\/p>\n<h2>2. \u00bfqu\u00e9 es lo que m\u00e1s te gusta de tu trabajo como dise\u00f1ador?<\/h2>\n<p>Si duda alguna, la ruptura con la monoton\u00eda. Es un placer poder encontrarte todos los d\u00edas con retos diferentes a los del d\u00eda anterior. Y aprender de ellos. Por otra parte, el poder colaborar con la cultura visual, desde la ideaci\u00f3n del proyecto hasta su puesta en escena, y con su consiguiente acci\u00f3n pedag\u00f3gica. Es un lujopoder contribuir con un peque\u00f1o grano de arena en algo que te aporta tantas alegr\u00edas.<\/p>\n<p><a href=\"http:\/\/www.usandizaga.com\/design\/wp-content\/uploads\/2012\/04\/libro_proyecto.jpg\"><img decoding=\"async\" class=\"aligncenter size-full wp-image-2587\" title=\"libro_proyecto\" src=\"http:\/\/www.usandizaga.com\/design\/wp-content\/uploads\/2012\/04\/libro_proyecto.jpg\" alt=\"\" width=\"644\" height=\"500\" srcset=\"https:\/\/www.usandizaga.com\/design\/wp-content\/uploads\/2012\/04\/libro_proyecto.jpg 644w, https:\/\/www.usandizaga.com\/design\/wp-content\/uploads\/2012\/04\/libro_proyecto-300x232.jpg 300w\" sizes=\"(max-width: 644px) 100vw, 644px\" \/><\/a><\/p>\n<h2>3. \u00bftres referentes del \u00e1rea del dise\u00f1o?<\/h2>\n<p>El brit\u00e1nico Neville Brody y su estilo punk, Jan Tschichold y sus vanguardias tipogr\u00e1ficas y por \u00faltimo, el gran Paul Rand con sus dise\u00f1os eternos.<\/p>\n<p><a href=\"http:\/\/www.usandizaga.com\/design\/wp-content\/uploads\/2012\/04\/cerinia_marca.jpg\"><img decoding=\"async\" class=\"aligncenter size-full wp-image-2586\" title=\"cerinia_marca\" src=\"http:\/\/www.usandizaga.com\/design\/wp-content\/uploads\/2012\/04\/cerinia_marca.jpg\" alt=\"\" width=\"644\" height=\"500\" srcset=\"https:\/\/www.usandizaga.com\/design\/wp-content\/uploads\/2012\/04\/cerinia_marca.jpg 644w, https:\/\/www.usandizaga.com\/design\/wp-content\/uploads\/2012\/04\/cerinia_marca-300x232.jpg 300w\" sizes=\"(max-width: 644px) 100vw, 644px\" \/><\/a><\/p>\n<h2>4. \u00bfqu\u00e9 har\u00edas en tu d\u00eda ideal?<\/h2>\n<p>Algo que no pueda hacer en el d\u00eda a d\u00eda, como por ejemplo, descansar del ritmo fren\u00e9tico del trabajo y reflexionar sobre lo realizado. En el mundo real en el que vivimos\u00a0se hacen reflexiones antes y durante, pero casi nunca despu\u00e9s, en ese momento ya est\u00e1s en otro proyecto.<\/p>\n<p><a href=\"http:\/\/www.usandizaga.com\/design\/wp-content\/uploads\/2012\/04\/sibic.jpg\"><img loading=\"lazy\" decoding=\"async\" class=\"aligncenter size-full wp-image-2585\" title=\"sibic\" src=\"http:\/\/www.usandizaga.com\/design\/wp-content\/uploads\/2012\/04\/sibic.jpg\" alt=\"\" width=\"644\" height=\"483\" srcset=\"https:\/\/www.usandizaga.com\/design\/wp-content\/uploads\/2012\/04\/sibic.jpg 644w, https:\/\/www.usandizaga.com\/design\/wp-content\/uploads\/2012\/04\/sibic-300x225.jpg 300w\" sizes=\"(max-width: 644px) 100vw, 644px\" \/><\/a><\/p>\n<h2>5. \u00bfqu\u00e9 no har\u00edas nunca en un trabajo de dise\u00f1o?<\/h2>\n<p>Nunca no lo s\u00e9, pero casi seguro que no har\u00eda nada que supiese que pueda ofender a alguien. El dise\u00f1o no es un arma de ofensa, es una forma de desarme.<\/p>\n<h2><a href=\"http:\/\/www.usandizaga.com\/design\/wp-content\/uploads\/2012\/04\/sibic_poster_fotob.jpg\"><img loading=\"lazy\" decoding=\"async\" class=\"aligncenter size-full wp-image-2584\" title=\"sibic_poster_fotob\" src=\"http:\/\/www.usandizaga.com\/design\/wp-content\/uploads\/2012\/04\/sibic_poster_fotob.jpg\" alt=\"\" width=\"644\" height=\"483\" srcset=\"https:\/\/www.usandizaga.com\/design\/wp-content\/uploads\/2012\/04\/sibic_poster_fotob.jpg 644w, https:\/\/www.usandizaga.com\/design\/wp-content\/uploads\/2012\/04\/sibic_poster_fotob-300x225.jpg 300w\" sizes=\"(max-width: 644px) 100vw, 644px\" \/><\/a><\/h2>\n<h2>6. \u00bfa donde ir\u00edas a vivir y trabajar como dise\u00f1ador?<\/h2>\n<p>Me gusta mucho el estilo editorial de Francia, y tambi\u00e9n me identifico con el estilo de vida, seguramente por proximidad. No tendr\u00eda ning\u00fan problema en pasar una temporada all\u00ed.<\/p>\n<p><a href=\"http:\/\/www.usandizaga.com\/design\/wp-content\/uploads\/2012\/04\/westlake_tarjeta_1.jpg\"><img loading=\"lazy\" decoding=\"async\" class=\"aligncenter size-full wp-image-2583\" title=\"westlake_tarjeta_1\" src=\"http:\/\/www.usandizaga.com\/design\/wp-content\/uploads\/2012\/04\/westlake_tarjeta_1.jpg\" alt=\"\" width=\"644\" height=\"483\" srcset=\"https:\/\/www.usandizaga.com\/design\/wp-content\/uploads\/2012\/04\/westlake_tarjeta_1.jpg 644w, https:\/\/www.usandizaga.com\/design\/wp-content\/uploads\/2012\/04\/westlake_tarjeta_1-300x225.jpg 300w\" sizes=\"(max-width: 644px) 100vw, 644px\" \/><\/a><\/p>\n<h2>7. \u00bfqu\u00e9 libro, pel\u00edcula y canci\u00f3n han marcado tu vida?<\/h2>\n<p>Suelen decir que el 70% de los factores de la infancia marcan de por vida y ayudan a crear tu propia personalidad. De aquella etapa recuerdo un libro, Como saliva en la arena de Klaus Kordon,\u00a0que me acerc\u00f3 a otras culturas y sobre todo a empatizar con el dolor ajeno. La pel\u00edcula, si duda alguna, La historia interminable, con cierto car\u00e1cter surrealista justificado por su tem\u00e1tica fant\u00e1stica, que me permiti\u00f3 so\u00f1ar despierto.\u00a0Y aunque nunca hay una sola canci\u00f3n, posiblemente por su repetici\u00f3n hasta la saciedad en mi casa, la canci\u00f3n que me marc\u00f3 sea What a Wonderful World de Louis Amstrong.<\/p>\n<p><a href=\"http:\/\/www.usandizaga.com\/design\/wp-content\/uploads\/2012\/04\/westlake_logo2.jpg\"><img loading=\"lazy\" decoding=\"async\" class=\"aligncenter size-full wp-image-2582\" title=\"westlake_logo2\" src=\"http:\/\/www.usandizaga.com\/design\/wp-content\/uploads\/2012\/04\/westlake_logo2.jpg\" alt=\"\" width=\"644\" height=\"483\" srcset=\"https:\/\/www.usandizaga.com\/design\/wp-content\/uploads\/2012\/04\/westlake_logo2.jpg 644w, https:\/\/www.usandizaga.com\/design\/wp-content\/uploads\/2012\/04\/westlake_logo2-300x225.jpg 300w\" sizes=\"(max-width: 644px) 100vw, 644px\" \/><\/a><\/p>\n<h2>8. \u00bfqu\u00e9 te parece fundamental a la hora de dise\u00f1ar?<\/h2>\n<p>Estar dispuesto a perder algo de ti mismo para ofrecerselo al resto.<\/p>\n<p><a href=\"http:\/\/www.usandizaga.com\/design\/wp-content\/uploads\/2012\/04\/viginti_zafarrancho.jpg\"><img loading=\"lazy\" decoding=\"async\" class=\"aligncenter size-full wp-image-2581\" title=\"viginti_zafarrancho\" src=\"http:\/\/www.usandizaga.com\/design\/wp-content\/uploads\/2012\/04\/viginti_zafarrancho.jpg\" alt=\"\" width=\"644\" height=\"483\" srcset=\"https:\/\/www.usandizaga.com\/design\/wp-content\/uploads\/2012\/04\/viginti_zafarrancho.jpg 644w, https:\/\/www.usandizaga.com\/design\/wp-content\/uploads\/2012\/04\/viginti_zafarrancho-300x225.jpg 300w\" sizes=\"(max-width: 644px) 100vw, 644px\" \/><\/a><\/p>\n<h2>9. \u00bfcreativo se nace o se hace?<\/h2>\n<p>Considero que con la creatividad se nace, aunque hay formas de ejercitarla. Pero hay que tener en cuenta que la creatividad no es parcela \u00fanica de los dise\u00f1adores, ya que en todas las profesiones existen personas m\u00e1s creativas y por ello m\u00e1s efectivas. Seguramente la \u00abcreatividad\u00bb sea una conjunci\u00f3n entre las aptitudes innatas y las actitudes ejercitadas.<\/p>\n<p><a href=\"http:\/\/www.usandizaga.com\/design\/wp-content\/uploads\/2012\/04\/abecedario.jpg\"><img loading=\"lazy\" decoding=\"async\" class=\"aligncenter size-full wp-image-2579\" title=\"abecedario\" src=\"http:\/\/www.usandizaga.com\/design\/wp-content\/uploads\/2012\/04\/abecedario.jpg\" alt=\"\" width=\"644\" height=\"483\" srcset=\"https:\/\/www.usandizaga.com\/design\/wp-content\/uploads\/2012\/04\/abecedario.jpg 644w, https:\/\/www.usandizaga.com\/design\/wp-content\/uploads\/2012\/04\/abecedario-300x225.jpg 300w\" sizes=\"(max-width: 644px) 100vw, 644px\" \/><\/a><\/p>\n<h2>10. \u00bfa qu\u00e9 momento de la Historia te gustar\u00eda viajar?<\/h2>\n<p>Al Renacimiento. Es un per\u00edodo de la Historia que brilla por sus hallazgos y sus ideas entorno al Humanismo, pero que detr\u00e1s de todo ello, existe una dualidad que mantiene cierto oscurantismo\u00a0heredado del medievo. Todo eso queda oculto por la caracter\u00edstica principal del per\u00edodo, el renacer.\u00a0Todos tenemos nuestra parte buena y nuestra parte mala, es inevitable. Y lo mismo si lo trasladamos al dise\u00f1o. Es necesario realizar ejercicios malos, para crear unos residuos, de los que \u00abrenacer\u00bb y poder tener una referencia del antisigno, de lo que no queremos ser ni hacer.<\/p>\n<p><a href=\"http:\/\/www.usandizaga.com\/design\/wp-content\/uploads\/2012\/04\/avila.jpg\"><img loading=\"lazy\" decoding=\"async\" class=\"aligncenter size-full wp-image-2578\" title=\"avila\" src=\"http:\/\/www.usandizaga.com\/design\/wp-content\/uploads\/2012\/04\/avila.jpg\" alt=\"\" width=\"644\" height=\"483\" srcset=\"https:\/\/www.usandizaga.com\/design\/wp-content\/uploads\/2012\/04\/avila.jpg 644w, https:\/\/www.usandizaga.com\/design\/wp-content\/uploads\/2012\/04\/avila-300x225.jpg 300w\" sizes=\"(max-width: 644px) 100vw, 644px\" \/><\/a><\/p>\n<h2>11. \u00bfuna web que te inspire a la hora de crear?<\/h2>\n<p>Suelo visitar muchas p\u00e1ginas webs, aunque \u00faltimamente visito Cosas Visuales (http:\/\/cosasvisuales.com\/) blog de dise\u00f1o con un especial inter\u00e9s en el campo de la Identidad Visual, que adem\u00e1s tiene una muy interesante lista de enlaces a otras p\u00e1ginas de dise\u00f1o.<\/p>\n<p><a href=\"http:\/\/www.usandizaga.com\/design\/wp-content\/uploads\/2012\/04\/avila_renovacion.jpg\"><img loading=\"lazy\" decoding=\"async\" class=\"aligncenter size-full wp-image-2577\" title=\"avila_renovacion\" src=\"http:\/\/www.usandizaga.com\/design\/wp-content\/uploads\/2012\/04\/avila_renovacion.jpg\" alt=\"\" width=\"644\" height=\"483\" srcset=\"https:\/\/www.usandizaga.com\/design\/wp-content\/uploads\/2012\/04\/avila_renovacion.jpg 644w, https:\/\/www.usandizaga.com\/design\/wp-content\/uploads\/2012\/04\/avila_renovacion-300x225.jpg 300w\" sizes=\"(max-width: 644px) 100vw, 644px\" \/><\/a><\/p>\n<h2>12. \u00bfuna herramienta imprescindible a la hora de abordar un proyecto de dise\u00f1o?<\/h2>\n<p>Sin duda, la experiencia. La experiencia vivida &#8230;las cosas vistas, las cosas olidas, las tocadas&#8230; esos residuos que se van quedando y posteriormente nos van dirigiendo por el buen camino\u00a0a la hora de trabajar sobre un proyecto. Sin esa herramienta, el resto no sirven para nada.<br \/>\n<a href=\"http:\/\/www.usandizaga.com\/design\/wp-content\/uploads\/2012\/04\/julen-imago_thumbnaill.png\"><img loading=\"lazy\" decoding=\"async\" class=\"aligncenter size-full wp-image-2597\" title=\"julen-imago_thumbnaill\" src=\"http:\/\/www.usandizaga.com\/design\/wp-content\/uploads\/2012\/04\/julen-imago_thumbnaill.png\" alt=\"Marca Julen Cano\" width=\"250\" height=\"150\" \/><\/a><\/p>\n<p>&nbsp;<\/p>\n","protected":false},"excerpt":{"rendered":"<p>Doce meses, doce preguntas a doce creadores Con esta comenzamos una serie de entrevistas que realizaremos a dise\u00f1adores, ilustradores, fot\u00f3grafos, tip\u00f3grafos y dem\u00e1s creativos que consideramos destacables. Publicaremos una entrevista &#8230; <a title=\"Entrevista al dise\u00f1ador Julen Cano: dise\u00f1o y pasi\u00f3n.\" class=\"read-more\" href=\"https:\/\/www.usandizaga.com\/design\/entrevista-al-disenador-julen-cano-diseno-y-pasion\/\" aria-label=\"Leer m\u00e1s sobre Entrevista al dise\u00f1ador Julen Cano: dise\u00f1o y pasi\u00f3n.\">+info<\/a><\/p>\n","protected":false},"author":1,"featured_media":2597,"comment_status":"closed","ping_status":"open","sticky":false,"template":"","format":"standard","meta":{"generate_page_header":"","footnotes":""},"categories":[191],"tags":[258,254,20],"class_list":["post-2569","post","type-post","status-publish","format-standard","has-post-thumbnail","hentry","category-entrevistas-creativas","tag-ciclo-de-diseno","tag-creatividad","tag-diseno-grafico-2","generate-columns","tablet-grid-50","mobile-grid-100","grid-parent","grid-33","resize-featured-image"],"lang":"es","translations":{"es":2569},"pll_sync_post":[],"_links":{"self":[{"href":"https:\/\/www.usandizaga.com\/design\/wp-json\/wp\/v2\/posts\/2569","targetHints":{"allow":["GET"]}}],"collection":[{"href":"https:\/\/www.usandizaga.com\/design\/wp-json\/wp\/v2\/posts"}],"about":[{"href":"https:\/\/www.usandizaga.com\/design\/wp-json\/wp\/v2\/types\/post"}],"author":[{"embeddable":true,"href":"https:\/\/www.usandizaga.com\/design\/wp-json\/wp\/v2\/users\/1"}],"replies":[{"embeddable":true,"href":"https:\/\/www.usandizaga.com\/design\/wp-json\/wp\/v2\/comments?post=2569"}],"version-history":[{"count":0,"href":"https:\/\/www.usandizaga.com\/design\/wp-json\/wp\/v2\/posts\/2569\/revisions"}],"wp:featuredmedia":[{"embeddable":true,"href":"https:\/\/www.usandizaga.com\/design\/wp-json\/wp\/v2\/media\/2597"}],"wp:attachment":[{"href":"https:\/\/www.usandizaga.com\/design\/wp-json\/wp\/v2\/media?parent=2569"}],"wp:term":[{"taxonomy":"category","embeddable":true,"href":"https:\/\/www.usandizaga.com\/design\/wp-json\/wp\/v2\/categories?post=2569"},{"taxonomy":"post_tag","embeddable":true,"href":"https:\/\/www.usandizaga.com\/design\/wp-json\/wp\/v2\/tags?post=2569"}],"curies":[{"name":"wp","href":"https:\/\/api.w.org\/{rel}","templated":true}]}}