{"id":4623,"date":"2013-01-02T23:32:15","date_gmt":"2013-01-02T22:32:15","guid":{"rendered":"http:\/\/www.usandizaga.com\/design\/?p=4623"},"modified":"2022-05-24T13:32:59","modified_gmt":"2022-05-24T11:32:59","slug":"jakin-cristina-enea-egutegi-diseinua-2013","status":"publish","type":"post","link":"https:\/\/www.usandizaga.com\/design\/eu\/jakin-cristina-enea-egutegi-diseinua-2013\/","title":{"rendered":"Ja(ki)n. Cristina Enearen 2013ko Egutegi Diseinua"},"content":{"rendered":"<p><img fetchpriority=\"high\" decoding=\"async\" class=\"alignright\" title=\"Ja(ki)n Cristina Enea Egutegi Diseinua 2012 Maider Nu\u00f1ez dibujando\" alt=\"Ja(ki)n Cristina Enea Egutegi Diseinua 2012 Maider Nu\u00f1ez dibujando\" src=\"http:\/\/instagram.com\/p\/SqKzImGVQR\/media?size=m\" width=\"250\" height=\"250\"><\/p>\n<p><strong>Cristina Enea Fundazioak<\/strong> erronka bat luzatu zigun <strong>Usandizagako Diseinu Grafiko<\/strong>&nbsp;Heziketa Zikloko 2. mailako ikasleei: gure etxe, ikasgela eta lantokietarako 2013ko pareta-egutegia sortzea, irudi lirainak baina haratago eskaintzen dituena. Helburua : elikadura ulertzeko moduak, kontsumitzeko eta eskuratzeko dugun ohiturak dituen eraginak ilustratzea. Jasangarritasunaren ikuspegitik gure jarrerak zalantzan jartzea.<\/p>\n<p>Irudiek <strong>erakargarriak<\/strong> izan beharko dute noski, baina aldi berean <strong>mezua iradoki<\/strong> behar dute, zer pentsatua eman: Elikadura eta Jasangarritasuna.<\/p>\n<h3>Jakiak eta ekonomia globalak<\/h3>\n<p><img decoding=\"async\" class=\"alignleft\" title=\"Ja(ki)n Cristina Enea Egutegi Diseinua 2012 proceso de dise\u00f1o\" alt=\"Ja(ki)n Cristina Enea Egutegi Diseinua 2012 proceso de dise\u00f1o\" src=\"http:\/\/instagram.com\/p\/SqK00hmVQX\/media?size=m\" width=\"250\" height=\"250\"><\/p>\n<p><strong>Teknika Grafikoak<\/strong> eta <strong>Publizitate Grafika Proiektuen<\/strong> klasetan eta Fundazioarekin etengabe harremanetan, lanean jarri eta berehala ikusi genuen, gure mundu honetan, elikagaia, <strong>jakia<\/strong> hain oinarrizkoa izanik ere, berehalako onura ekonomikoen bilaketak <strong>desnaturalizatzen<\/strong> duela, naturala dena artifizial bilakatuz, luxuzko gaia bihurtuz, trukerako tresna eginez, arma gisa erabiliz. Jakia beste gauza batean eraldatu da.<\/p>\n<p>Margo, pintzel eta ideia pila bat. Eta esku-lanaren denbora tarte horietan, gure buruaren parte bat soluzio bila, beti ere iritzi kritikoarekin.<\/p>\n<p>[divider]<\/p>\n<p>&nbsp;<\/p>\n<p>[nggallery id=64]<\/p>\n<p>&nbsp;<\/p>\n<h3>Ja(ki)n Erakusketa Kristina Enean<\/h3>\n<p>24 irudi sortu ditugu elikagaien ekoizpena, banaketa, honek dakarren kutsadura, eta ekonomian duen eragina bezalako alderdiak sakonduz.<\/p>\n<p>Irudi guztiak testu laburrekin batera <strong>\u00bb Ja(ki)n. Elikadura eta jasangarritasunaren Egutegia\u00bb erakusketa<\/strong>n erakusgai daude <strong>abenduaren 21etik urtarrilaren 25 arte<\/strong>.<\/p>\n<p><img decoding=\"async\" class=\"alignright\" title=\"Ja(ki)n Cristina Enea Egutegi Diseinua 2012 Foto de Grupo\" alt=\"Ja(ki)n Cristina Enea Egutegi Diseinua 2012 Foto de Grupo\" src=\"http:\/\/instagram.com\/p\/TeDPOIGVfg\/media?size=m\" width=\"300\" height=\"300\">Irudikatutako elikagai bakoitza, gure gizartearen sinbolo&nbsp; bihurtzen da, norbanakoaren errentagarritasuna eta natura- eta giza-sistemaren jasangarritasunaren arteko paradoxan murgildua.<\/p>\n<p>Egutegiaren helburua ez da aukera egokia zein den adieraztea: aukerak eskaintzen dira eta hausnerketara gonbidatu.<\/p>\n<p>Bi ikuspegi, bi jarrera irudi bakarrean. Metafora bidez gaia plazaratzen da. Norberak interpreta dezake, norberak informazioa eskura dezake, <strong>norberak aukeratu behar du<\/strong>.<\/p>\n<p>[hr]<\/p>\n<h2>Dise\u00f1o Calendario Alimentaci\u00f3n y Sostenibilidad 2013<\/h2>\n<p><img loading=\"lazy\" decoding=\"async\" class=\"alignleft\" title=\"Ja(ki)n Cristina Enea Egutegi Diseinua 2012 Bocetos\" alt=\"Ja(ki)n Cristina Enea Egutegi Diseinua 2012 Bocetos en clase\" src=\"http:\/\/instagram.com\/p\/Sp9QbqGVWv\/media?size=m\" width=\"250\" height=\"250\">La <strong>Fundaci\u00f3n Cristina Enea<\/strong> nos plante\u00f3 un reto al alumnado de 2\u00ba curso del <strong>Ciclo Formativo Superior de Gr\u00e1fica Publicitaria<\/strong>: crear para el 2013 un calendario de pared que lleve a nuestros hogares, aulas y lugares de trabajo algo m\u00e1s que im\u00e1genes bonitas.&nbsp; El objetivo era ilustrar los efectos que acarrea en diferentes \u00e1mbitos nuestra manera de entender la alimentaci\u00f3n, desde qu\u00e9 consumimos hasta c\u00f3mo lo obtenemos. Cuestionar nuestros h\u00e1bitos desde el punto de vista de la sostenibilidad. Las im\u00e1genes deben ser <strong>atractivas<\/strong> s\u00ed, pero a la vez deben <strong>sugerir un mensaje<\/strong>, dar qu\u00e9 pensar.<\/p>\n<h3><\/h3>\n<h3>Alimentaci\u00f3n en la era global<\/h3>\n<p>En las clases de <strong>T\u00e9cnicas Gr\u00e1ficas<\/strong> y <strong>Proyectos de Gr\u00e1fica Publicitaria<\/strong>&nbsp;y en colaboraci\u00f3n constante con la Fundaci\u00f3n nos pusimos manos a la obra y vimos que en nuestro mundo algo tan esencial como el <strong>alimento se desnaturaliza<\/strong> por la b\u00fasqueda de beneficio econ\u00f3mico inmediato, convirtiendo lo natural en artificio, en art\u00edculo de lujo, en moneda de cambio, en arma arrojadiza. En otra cosa.<\/p>\n<p>Muchas ideas, pinceles y pintura. Y en esos intervalos en los que lo manual parece primar sobre otros actos, una parte de nuestro cerebro se hallaba dedicada a la b\u00fasqueda de soluciones y a su valoraci\u00f3n cr\u00edtica.<\/p>\n<h3>Ja(ki)n Exposici\u00f3n en Cristina Enea<\/h3>\n<p>Se han creado 24 im\u00e1genes que apuntan a distintos aspectos como la producci\u00f3n de los alimentos, su distribuci\u00f3n, la contaminaci\u00f3n resultante, los efectos en la econom\u00eda.<\/p>\n<p style=\"text-align: center;\"><img loading=\"lazy\" decoding=\"async\" class=\"aligncenter\" alt=\"Jakin Calendario sostenible panor\u00e1mica exposici\u00f3n Cristina Enea\" src=\"http:\/\/www.usandizaga.com\/design\/wp-content\/uploads\/2013\/01\/Jakin_panoramica.jpg\" width=\"750\" height=\"127\"><\/p>\n<p>Todas las im\u00e1genes acompa\u00f1adas de breves textos se recogen tambi\u00e9n en la <strong>exposici\u00f3n \u201cJa(ki)n. Calendario de Alimentaci\u00f3n y Sostenibilidad\u201d, desde el 21 de diciembre al 25 de enero.<\/strong><\/p>\n<p>Cada uno de los alimentos retratados, simboliza nuestra sociedad, sumida en una paradoja forzada entre la rentabilidad personal y la sostenibilidad del sistema natural y social.<\/p>\n<p><img loading=\"lazy\" decoding=\"async\" class=\"alignleft\" title=\"Ja(ki)n Cristina Enea Egutegi Diseinua 2013 \" alt=\"Ja(ki)n Cristina Enea Egutegi Diseinua 2013\" src=\"http:\/\/instagram.com\/p\/S48Q2AGVag\/media?size=m\" width=\"250\" height=\"250\"><\/p>\n<p>El objetivo del calendario no es plantear cu\u00e1l es la decisi\u00f3n adecuada sino que se presentan las opciones y se invita a reflexionar.<\/p>\n<p>Dos visiones, dos actitudes en una imagen. A trav\u00e9s de met\u00e1foras se presenta el tema. Cada cual puede interpretarlo, cada cual puede informarse, <strong>cada cual debe elegir<\/strong>.<\/p>\n<p align=\"left\">[divider]<\/p>\n<p><iframe src=\"http:\/\/www.youtube.com\/embed\/2FGCnAMb-98\" height=\"422\" width=\"750\" allowfullscreen=\"\" frameborder=\"0\"><\/iframe><\/p>\n<p><a title=\"Jakin Elikadura Jasangarriaren egutegia\" href=\"http:\/\/www.cristinaenea.org\" target=\"_blank\" rel=\"noopener noreferrer\">http:\/\/www.cristinaenea.org<\/a><\/p>\n<p>&nbsp;<\/p>\n<p>[box]<strong>2\u00ba curso de Gr\u00e1fica Publicitaria:&nbsp;<\/strong>Imanol Aizpuru, Nerea Ansa, Antonio Ayll\u00f3n, Ainhoa Basterra, Ohiana Calparsoro, Nuria Diego, Amanda J\u00e1ndula, Nagore Mateo, Asier Nazabal, Maider Nu\u00f1ez, Carolina Ruiz, Gorka Rufaco[\/box]<\/p>\n","protected":false},"excerpt":{"rendered":"<p>Cristina Enea Fundazioak erronka bat luzatu zigun Usandizagako Diseinu Grafiko&nbsp;Heziketa Zikloko 2. mailako ikasleei: gure etxe, ikasgela eta lantokietarako 2013ko pareta-egutegia sortzea, irudi lirainak baina haratago eskaintzen dituena. Helburua : &#8230; <a title=\"Ja(ki)n. Cristina Enearen 2013ko Egutegi Diseinua\" class=\"read-more\" href=\"https:\/\/www.usandizaga.com\/design\/eu\/jakin-cristina-enea-egutegi-diseinua-2013\/\" aria-label=\"Leer m\u00e1s sobre Ja(ki)n. Cristina Enearen 2013ko Egutegi Diseinua\">+info<\/a><\/p>\n","protected":false},"author":1,"featured_media":4636,"comment_status":"closed","ping_status":"open","sticky":false,"template":"","format":"standard","meta":{"generate_page_header":"","footnotes":""},"categories":[757,759],"tags":[737,739,723,727],"class_list":["post-4623","post","type-post","status-publish","format-standard","has-post-thumbnail","hentry","category-diseinu-grafiko-jasangarria","category-diseinu-grafiko-soziala","tag-calendario","tag-calendario-sostenible","tag-colaboracion","tag-kanpaina-sozialak","generate-columns","tablet-grid-50","mobile-grid-100","grid-parent","grid-33","resize-featured-image"],"lang":"eu","translations":{"eu":4623},"pll_sync_post":[],"_links":{"self":[{"href":"https:\/\/www.usandizaga.com\/design\/wp-json\/wp\/v2\/posts\/4623","targetHints":{"allow":["GET"]}}],"collection":[{"href":"https:\/\/www.usandizaga.com\/design\/wp-json\/wp\/v2\/posts"}],"about":[{"href":"https:\/\/www.usandizaga.com\/design\/wp-json\/wp\/v2\/types\/post"}],"author":[{"embeddable":true,"href":"https:\/\/www.usandizaga.com\/design\/wp-json\/wp\/v2\/users\/1"}],"replies":[{"embeddable":true,"href":"https:\/\/www.usandizaga.com\/design\/wp-json\/wp\/v2\/comments?post=4623"}],"version-history":[{"count":0,"href":"https:\/\/www.usandizaga.com\/design\/wp-json\/wp\/v2\/posts\/4623\/revisions"}],"wp:featuredmedia":[{"embeddable":true,"href":"https:\/\/www.usandizaga.com\/design\/wp-json\/wp\/v2\/media\/4636"}],"wp:attachment":[{"href":"https:\/\/www.usandizaga.com\/design\/wp-json\/wp\/v2\/media?parent=4623"}],"wp:term":[{"taxonomy":"category","embeddable":true,"href":"https:\/\/www.usandizaga.com\/design\/wp-json\/wp\/v2\/categories?post=4623"},{"taxonomy":"post_tag","embeddable":true,"href":"https:\/\/www.usandizaga.com\/design\/wp-json\/wp\/v2\/tags?post=4623"}],"curies":[{"name":"wp","href":"https:\/\/api.w.org\/{rel}","templated":true}]}}