{"id":6565,"date":"2013-12-20T12:44:53","date_gmt":"2013-12-20T11:44:53","guid":{"rendered":"http:\/\/www.usandizaga.com\/design\/?p=6565"},"modified":"2019-05-29T23:08:05","modified_gmt":"2019-05-29T21:08:05","slug":"room278-2013","status":"publish","type":"post","link":"https:\/\/www.usandizaga.com\/design\/room278-2013\/","title":{"rendered":"room278"},"content":{"rendered":"<h2>Visita del Ciclo de Dise\u00f1o a room278<\/h2>\n<p>Para conocer la realidad laboral del dise\u00f1o y la impresi\u00f3n, hemos visitado <strong>room278\u00a0<\/strong>una nueva empresa en Donostia dedicada al mundo del dise\u00f1o gr\u00e1fico, \u00a0el arte, la fotograf\u00eda y dise\u00f1o de interiores.<\/p>\n<p><span style=\"font-size: 13px; line-height: 19px;\"> <a href=\"http:\/\/www.room278.eu\" target=\"_blank\" rel=\"noopener\">www.room278.eu<\/a><\/span><br \/>\n<span style=\"font-size: 13px; line-height: 19px;\"> <a href=\"http:\/\/www.facebook.com\/Room278shop\" target=\"_blank\" rel=\"noopener\">www.facebook.com\/Room278shop<\/a><\/span><br \/>\n[quote]Somos un grupo de profesionales de la fotograf\u00eda, el arte, el dise\u00f1o gr\u00e1fico y d interiores, en los \u00faltimos a\u00f1os hemos trabajado con cadenas hoteleras, hoteles familiares, exposiciones, eventos, restaurantes y particulares.[\/quote]<\/p>\n<p>En room278 nos atendieron Nerea e Ignasi que desde su experiencia y saber hacer nos hablaron de Dise\u00f1o Grafico, de Fotograf\u00eda, de la importancia de desarrollar su propio proyecto, de aprovechar las oportunidades, de arriesgar, de investigar y emocionarse con su trabajo creativo, \u00a0del\u00a0trato con los clientes, de asuntos econ\u00f3micos, de estar atentos a l actualidad, de la importancia de las tecnolog\u00edas, de lo fundamental de comenzar el proyecto bien informados, de ser creativos durante todo el proceso, de insistir, de que hay que ser profesional, que aunque sea vocacional, esto es una profesi\u00f3n&#8230;<\/p>\n<p><a href=\"http:\/\/www.usandizaga.com\/design\/wp-content\/uploads\/2013\/12\/2013-12-19-at-11-14-51.jpg\"><img fetchpriority=\"high\" decoding=\"async\" alt=\"2013-12-19-at-11-14-51\" src=\"http:\/\/www.usandizaga.com\/design\/wp-content\/uploads\/2013\/12\/2013-12-19-at-11-14-51.jpg\" width=\"720\" height=\"375\" \/><\/a><\/p>\n<p>&nbsp;<\/p>\n<blockquote><p>Somos fot\u00f3grafos, interioristas, delineantes, ilustradores y dise\u00f1adores gr\u00e1ficos dispuestos a plasmar en diversos materiales todo aquello que se les ocurre a nuestros clientes.<\/p>\n<p>Contamos tambi\u00e9n con el mejor equipo externo de arquitectos, aparejadores e ingenieros especializados, con un impresionante bagaje en el sector hotelero. Trabajamos con las mejores empresas de museolog\u00eda en la producci\u00f3n de exposiciones para diferentes museos, as\u00ed como publicistas en la producci\u00f3n de eventos.<\/p><\/blockquote>\n<p>Hablamos de ilustraci\u00f3n, de interiorismo, de grandes y peque\u00f1os clientes, de delineantes y dise\u00f1adores, de materiales, de plazos, de prisas, de buenas experiencias, del buen acabado, del saber hacer y de aprender constantemente.<\/p>\n<p>[quote]Con mucho\u00a0<strong>TRABAJO Y TALENTO<\/strong>\u00a0compartidos en cada proyecto, con nuestro banco de im\u00e1genes con cientos de fotograf\u00edas disponibles para agilizar su selecci\u00f3n y realizar la entrega de su obra en un tiempo r\u00e9cord.[\/quote]<\/p>\n<p>Tras visitar la tienda y charlar un rato sobre su particular visi\u00f3n del Dise\u00f1o y la actualidad gr\u00e1fica, pasamos a la parte del taller, donde nos hablaron de temas m\u00e1s t\u00e9cnicos relacionados con el mundo de la impresi\u00f3n. Con un plotter de corte y un plotter de tintas base agua, vimos como producen su trabajo de manera independiente.<\/p>\n<p><a href=\"http:\/\/www.usandizaga.com\/design\/wp-content\/uploads\/2013\/12\/2013-12-19-at-12-43-29.jpg\"><img decoding=\"async\" alt=\"2013-12-19-at-12-43-29\" src=\"http:\/\/www.usandizaga.com\/design\/wp-content\/uploads\/2013\/12\/2013-12-19-at-12-43-29.jpg\" width=\"720\" height=\"424\" \/><\/a><\/p>\n<p>&nbsp;<\/p>\n<p>[quote]<strong>PORQUE SABEMOS DE LO QUE HABLAMOS<\/strong>, porque llevamos muchos proyectos a nuestras espaldas, hoteles, eventos, exposiciones, porque sabemos de dise\u00f1o, de fotograf\u00eda, de interiorismo, de producci\u00f3n, de embalaje, de transportes, de montajes, de traslados, de reuniones&#8230;&#8230;&#8230;de taladros, de brocas, de pinturas, de enmarcados, de vinilos, de murales&#8230;.., de correr&#8230;<\/p>\n<p>&#8230;.de \u201c aj\u00fastame el presupuesto \u201d&#8230;<br \/>\n&#8230;.y de \u201c \u00bfpuede ser para la semana que viene? \u201d&#8230;<\/p>\n<p>&#8230;.y siempre llegamos a tiempo.[\/quote]<\/p>\n<pre>[flickr_set id=\"\u00a072157638848198945\"]<\/pre>\n<p>&nbsp;<\/p>\n","protected":false},"excerpt":{"rendered":"<p>Visita del Ciclo de Dise\u00f1o a room278 Para conocer la realidad laboral del dise\u00f1o y la impresi\u00f3n, hemos visitado room278\u00a0una nueva empresa en Donostia dedicada al mundo del dise\u00f1o gr\u00e1fico, &#8230; <a title=\"room278\" class=\"read-more\" href=\"https:\/\/www.usandizaga.com\/design\/room278-2013\/\" aria-label=\"Leer m\u00e1s sobre room278\">+info<\/a><\/p>\n","protected":false},"author":1,"featured_media":6570,"comment_status":"closed","ping_status":"open","sticky":false,"template":"","format":"standard","meta":{"generate_page_header":"","footnotes":""},"categories":[145],"tags":[45,235,216,214,265,35],"class_list":{"0":"post-6565","1":"post","2":"type-post","3":"status-publish","4":"format-standard","5":"has-post-thumbnail","6":"hentry","7":"category-diseinua-eta-sormena","8":"tag-actividadesciclo-formativo","9":"tag-artes-graficas","10":"tag-estudio-de-diseno","11":"tag-imprenta","12":"tag-salidas","14":"generate-columns","15":"tablet-grid-50","16":"mobile-grid-100","17":"grid-parent","18":"grid-33","19":"resize-featured-image"},"lang":"es","translations":{"es":6565},"pll_sync_post":[],"_links":{"self":[{"href":"https:\/\/www.usandizaga.com\/design\/wp-json\/wp\/v2\/posts\/6565","targetHints":{"allow":["GET"]}}],"collection":[{"href":"https:\/\/www.usandizaga.com\/design\/wp-json\/wp\/v2\/posts"}],"about":[{"href":"https:\/\/www.usandizaga.com\/design\/wp-json\/wp\/v2\/types\/post"}],"author":[{"embeddable":true,"href":"https:\/\/www.usandizaga.com\/design\/wp-json\/wp\/v2\/users\/1"}],"replies":[{"embeddable":true,"href":"https:\/\/www.usandizaga.com\/design\/wp-json\/wp\/v2\/comments?post=6565"}],"version-history":[{"count":0,"href":"https:\/\/www.usandizaga.com\/design\/wp-json\/wp\/v2\/posts\/6565\/revisions"}],"wp:featuredmedia":[{"embeddable":true,"href":"https:\/\/www.usandizaga.com\/design\/wp-json\/wp\/v2\/media\/6570"}],"wp:attachment":[{"href":"https:\/\/www.usandizaga.com\/design\/wp-json\/wp\/v2\/media?parent=6565"}],"wp:term":[{"taxonomy":"category","embeddable":true,"href":"https:\/\/www.usandizaga.com\/design\/wp-json\/wp\/v2\/categories?post=6565"},{"taxonomy":"post_tag","embeddable":true,"href":"https:\/\/www.usandizaga.com\/design\/wp-json\/wp\/v2\/tags?post=6565"}],"curies":[{"name":"wp","href":"https:\/\/api.w.org\/{rel}","templated":true}]}}