{"id":8427,"date":"2017-05-09T23:50:09","date_gmt":"2017-05-09T21:50:09","guid":{"rendered":"http:\/\/www.usandizaga.com\/design\/?p=8427"},"modified":"2020-03-08T08:13:40","modified_gmt":"2020-03-08T07:13:40","slug":"10-diseinuan-10-en-diseno","status":"publish","type":"post","link":"https:\/\/www.usandizaga.com\/design\/10-diseinuan-10-en-diseno\/","title":{"rendered":"10 DISEINUAN &#8211; 10 EN DISE\u00d1O"},"content":{"rendered":"<h2>HAMAR DISEINUAN<\/h2>\n<p>Publizitate Grafika <strong>Goi Mailako Heziketa Zikloak<\/strong> Donostiako Usandizagan 10 urte bete ditu.<\/p>\n<p>Hamar ikasturte intentso. Ehun eta berrogeitamar ikasle gogotsu. Dozena bat irakasle aditu. Hamaika estudio eta komunikazio profesional. Ehun lankidetza proiektutik gora. Ehundaka teknika eta teknologia, milaka letra, zirriborro, argazki eta azken ikutu. Miloika galdera eta zenbait erantzun&#8230;<\/p>\n<p>Prozesuan murgilduta jarraitzen dugu, komunikazio eta diseinu grafiko munduari profesional on berriak gehituz.<\/p>\n<p>Ibilbide honen parte bat erakusketa batetan bildu dugu. Emaitza: <strong>10 Diseinuan.<\/strong><\/p>\n<p>Zurekin berriro topo egin nahiko genuke inaugurazioan elkarrekin ospatzeko:<\/p>\n<p><strong>Maiatzaren 11an, osteguna, 19,00tan.<\/strong><\/p>\n<p>Ernest Lluch Kultur Etxeko erakustaretoan (Anoetako estadioan kokatua).<\/p>\n<p>Agendan apuntatu eta zabaldu!<\/p>\n<p><img fetchpriority=\"high\" decoding=\"async\" class=\"aligncenter size-large wp-image-8428\" src=\"http:\/\/www.usandizaga.com\/design\/wp-content\/uploads\/2017\/05\/10-urte-diseinuan-A2-folleto-cartel-portada-425x600.png\" alt=\"\" width=\"425\" height=\"600\" srcset=\"https:\/\/www.usandizaga.com\/design\/wp-content\/uploads\/2017\/05\/10-urte-diseinuan-A2-folleto-cartel-portada-425x600.png 425w, https:\/\/www.usandizaga.com\/design\/wp-content\/uploads\/2017\/05\/10-urte-diseinuan-A2-folleto-cartel-portada-212x300.png 212w, https:\/\/www.usandizaga.com\/design\/wp-content\/uploads\/2017\/05\/10-urte-diseinuan-A2-folleto-cartel-portada-768x1085.png 768w, https:\/\/www.usandizaga.com\/design\/wp-content\/uploads\/2017\/05\/10-urte-diseinuan-A2-folleto-cartel-portada.png 1193w\" sizes=\"(max-width: 425px) 100vw, 425px\" \/><\/p>\n<p>&nbsp;<\/p>\n<h2>DIEZ EN DISE\u00d1O<\/h2>\n<p>El <strong>Ciclo Formativo Superior de Gr\u00e1fica Publicitaria<\/strong> del Usandizaga de Donostia cumple 10 a\u00f1os.<\/p>\n<p>Diez cursos intensos. Ciento cincuenta estudiantes apasionados. Una docena de profesores experimentados. Decenas de empresas y profesionales de la comunicaci\u00f3n. M\u00e1s de cien proyectos colaborativos. Cientos de t\u00e9cnicas y tecnolog\u00edas, miles de letras, bocetos, instant\u00e1neas y retoques. Millones de preguntas y algunas respuestas&#8230;<\/p>\n<p>Seguimos en el proceso, sumando nuevos buenos profesionales al mundo del dise\u00f1o y la comunicaci\u00f3n gr\u00e1fica.<\/p>\n<p>Mostramos parte de este recorrido en una exposici\u00f3n. El resultado: <strong>10 en Dise\u00f1o.<\/strong><\/p>\n<p>Nos gustar\u00eda reencontrarnos contigo, para celebrarlo juntos, en la inauguraci\u00f3n:<\/p>\n<p><strong>Jueves, 11 de mayo a las 19,00.<\/strong><\/p>\n<p>Sala de exposiciones de Ernest Lluch Kultur Etxea (ubicada en el estadio de Anoeta).<\/p>\n<p>\u00a1Ap\u00fantalo en la agenda y comp\u00e1rtelo!<\/p>\n<p>&nbsp;<\/p>\n<p>&nbsp;<\/p>\n","protected":false},"excerpt":{"rendered":"<p>HAMAR DISEINUAN Publizitate Grafika Goi Mailako Heziketa Zikloak Donostiako Usandizagan 10 urte bete ditu. Hamar ikasturte intentso. Ehun eta berrogeitamar ikasle gogotsu. Dozena bat irakasle aditu. Hamaika estudio eta komunikazio &#8230; <a title=\"10 DISEINUAN &#8211; 10 EN DISE\u00d1O\" class=\"read-more\" href=\"https:\/\/www.usandizaga.com\/design\/10-diseinuan-10-en-diseno\/\" aria-label=\"Leer m\u00e1s sobre 10 DISEINUAN &#8211; 10 EN DISE\u00d1O\">+info<\/a><\/p>\n","protected":false},"author":1,"featured_media":8432,"comment_status":"closed","ping_status":"open","sticky":false,"template":"","format":"standard","meta":{"generate_page_header":"","footnotes":""},"categories":[145],"tags":[45,294,144],"class_list":["post-8427","post","type-post","status-publish","format-standard","has-post-thumbnail","hentry","category-diseinua-eta-sormena","tag-actividadesciclo-formativo","tag-destados","tag-exposiciones","generate-columns","tablet-grid-50","mobile-grid-100","grid-parent","grid-33","resize-featured-image"],"lang":"es","translations":{"es":8427},"pll_sync_post":[],"_links":{"self":[{"href":"https:\/\/www.usandizaga.com\/design\/wp-json\/wp\/v2\/posts\/8427","targetHints":{"allow":["GET"]}}],"collection":[{"href":"https:\/\/www.usandizaga.com\/design\/wp-json\/wp\/v2\/posts"}],"about":[{"href":"https:\/\/www.usandizaga.com\/design\/wp-json\/wp\/v2\/types\/post"}],"author":[{"embeddable":true,"href":"https:\/\/www.usandizaga.com\/design\/wp-json\/wp\/v2\/users\/1"}],"replies":[{"embeddable":true,"href":"https:\/\/www.usandizaga.com\/design\/wp-json\/wp\/v2\/comments?post=8427"}],"version-history":[{"count":0,"href":"https:\/\/www.usandizaga.com\/design\/wp-json\/wp\/v2\/posts\/8427\/revisions"}],"wp:featuredmedia":[{"embeddable":true,"href":"https:\/\/www.usandizaga.com\/design\/wp-json\/wp\/v2\/media\/8432"}],"wp:attachment":[{"href":"https:\/\/www.usandizaga.com\/design\/wp-json\/wp\/v2\/media?parent=8427"}],"wp:term":[{"taxonomy":"category","embeddable":true,"href":"https:\/\/www.usandizaga.com\/design\/wp-json\/wp\/v2\/categories?post=8427"},{"taxonomy":"post_tag","embeddable":true,"href":"https:\/\/www.usandizaga.com\/design\/wp-json\/wp\/v2\/tags?post=8427"}],"curies":[{"name":"wp","href":"https:\/\/api.w.org\/{rel}","templated":true}]}}