{"id":904,"date":"2010-10-28T08:05:23","date_gmt":"2010-10-28T06:05:23","guid":{"rendered":"http:\/\/www.usandizaga.com\/design\/?p=904"},"modified":"2020-02-05T11:05:07","modified_gmt":"2020-02-05T10:05:07","slug":"hijos-de-la-nubes_exposicion-afadepresa","status":"publish","type":"post","link":"https:\/\/www.usandizaga.com\/design\/hijos-de-la-nubes_exposicion-afadepresa\/","title":{"rendered":"Hijos de la nubes"},"content":{"rendered":"<p>Planteamiento y gr\u00e1fica para la exposici\u00f3n \u201c Hijos De las Nubes \u201c sobre la situaci\u00f3n de los derechos humanos \u00a0en los territorios ocupados del S\u00e1hara Occidental. El 27 de febrero la bandera saharaui ondear\u00e1 en el ayuntamiento. Desde la UCS se impulsan acciones conjuntas de solidaridad pol\u00edtica, tales como la aprobaci\u00f3n de mociones, la realizaci\u00f3n de viajes de solidaridad a los campamentos de poblaci\u00f3n refugiada saharaui y a los territorios liberados, promoci\u00f3n de hermanamientos con localidades de la RASD\u2026 etc.<\/p>\n<p><a href=\"http:\/\/www.usandizaga.com\/design\/hijos-de-la-nubes_exposicion-afadepresa\/hijos-de-la-nubes_cartel-2\/\" rel=\"attachment wp-att-906\"><img fetchpriority=\"high\" decoding=\"async\" class=\"size-large wp-image-906 alignleft\" style=\"margin-left: 10px; margin-right: 10px;\" title=\"Hijos-de-la-nubes_cartel\" src=\"http:\/\/www.usandizaga.com\/design\/wp-content\/uploads\/2012\/01\/Hijos-de-la-nubes_cartel1-320x600.png\" alt=\"\" width=\"320\" height=\"600\" srcset=\"https:\/\/www.usandizaga.com\/design\/wp-content\/uploads\/2012\/01\/Hijos-de-la-nubes_cartel1-320x600.png 320w, https:\/\/www.usandizaga.com\/design\/wp-content\/uploads\/2012\/01\/Hijos-de-la-nubes_cartel1-160x300.png 160w\" sizes=\"(max-width: 320px) 100vw, 320px\" \/><\/a><\/p>\n<p>La ocupaci\u00f3n ilegal por parte de Marruecos del S\u00e1hara Occidental, y la falta de voluntad pol\u00edtica de la comunidad internacional para reparar esta injusticia hist\u00f3rica son la causa de que en los campamentos de poblaci\u00f3n refugiada saharaui se est\u00e9 viviendo un drama humanitario, y en los Territorios Ocupados ilegalmente por Marruecos en el Sahara Occidental, se violen sistem\u00e1ticamente los derechos humanos de miles de saharauis. La situaci\u00f3n empeora a\u00f1o tras a\u00f1o. El Pueblo Saharaui (200.000 personas) fue abandonado en el desierto hace 34 a\u00f1os y desde aquel momento contin\u00faa resistiendo a la espera de que poder volver a su pa\u00eds, cuyos recursos naturales son esquilmados d\u00eda tras d\u00eda por el Estado Marroqu\u00ed. Es urgente que la ciudadan\u00eda ayude a devolver la libertad al pueblo saharaui, a trav\u00e9s de su apoyo constante a esta causa.<\/p>\n<p>&nbsp;<\/p>\n<div><\/div>\n<p>&nbsp;<\/p>\n<div><\/div>\n<p>&nbsp;<\/p>\n<p>&nbsp;<\/p>\n<p>&nbsp;<\/p>\n<p>&nbsp;<\/p>\n<p>&nbsp;<\/p>\n<p>&nbsp;<\/p>\n<p>&nbsp;<\/p>\n<p>[nggallery id=14]<\/p>\n<p>&nbsp;<\/p>\n<p>&nbsp;<\/p>\n","protected":false},"excerpt":{"rendered":"<p>Planteamiento y gr\u00e1fica para la exposici\u00f3n \u201c Hijos De las Nubes \u201c sobre la situaci\u00f3n de los derechos humanos \u00a0en los territorios ocupados del S\u00e1hara Occidental. El 27 de febrero &#8230; <a title=\"Hijos de la nubes\" class=\"read-more\" href=\"https:\/\/www.usandizaga.com\/design\/hijos-de-la-nubes_exposicion-afadepresa\/\" aria-label=\"Leer m\u00e1s sobre Hijos de la nubes\">+info<\/a><\/p>\n","protected":false},"author":1,"featured_media":907,"comment_status":"closed","ping_status":"open","sticky":false,"template":"","format":"standard","meta":{"generate_page_header":"","footnotes":""},"categories":[13,5],"tags":[181,267,44,256,254,20,220,24,33,15],"class_list":{"0":"post-904","1":"post","2":"type-post","3":"status-publish","4":"format-standard","5":"has-post-thumbnail","6":"hentry","7":"category-diseno-grafico-social","8":"category-proyectos-de-diseno-grafico","9":"tag-aprendizaje-servicio","10":"tag-brouchure","12":"tag-campana","13":"tag-creatividad","14":"tag-diseno-grafico-2","15":"tag-diseno_social","16":"tag-diseno-social","17":"tag-editorial","18":"tag-proyecto","19":"generate-columns","20":"tablet-grid-50","21":"mobile-grid-100","22":"grid-parent","23":"grid-33","24":"resize-featured-image"},"lang":"es","translations":{"es":904},"pll_sync_post":[],"_links":{"self":[{"href":"https:\/\/www.usandizaga.com\/design\/wp-json\/wp\/v2\/posts\/904","targetHints":{"allow":["GET"]}}],"collection":[{"href":"https:\/\/www.usandizaga.com\/design\/wp-json\/wp\/v2\/posts"}],"about":[{"href":"https:\/\/www.usandizaga.com\/design\/wp-json\/wp\/v2\/types\/post"}],"author":[{"embeddable":true,"href":"https:\/\/www.usandizaga.com\/design\/wp-json\/wp\/v2\/users\/1"}],"replies":[{"embeddable":true,"href":"https:\/\/www.usandizaga.com\/design\/wp-json\/wp\/v2\/comments?post=904"}],"version-history":[{"count":0,"href":"https:\/\/www.usandizaga.com\/design\/wp-json\/wp\/v2\/posts\/904\/revisions"}],"wp:featuredmedia":[{"embeddable":true,"href":"https:\/\/www.usandizaga.com\/design\/wp-json\/wp\/v2\/media\/907"}],"wp:attachment":[{"href":"https:\/\/www.usandizaga.com\/design\/wp-json\/wp\/v2\/media?parent=904"}],"wp:term":[{"taxonomy":"category","embeddable":true,"href":"https:\/\/www.usandizaga.com\/design\/wp-json\/wp\/v2\/categories?post=904"},{"taxonomy":"post_tag","embeddable":true,"href":"https:\/\/www.usandizaga.com\/design\/wp-json\/wp\/v2\/tags?post=904"}],"curies":[{"name":"wp","href":"https:\/\/api.w.org\/{rel}","templated":true}]}}